{"id":7215,"date":"2026-05-15T12:00:00","date_gmt":"2026-05-15T16:00:00","guid":{"rendered":"https:\/\/blog.legeropinion.com\/?p=7215"},"modified":"2026-05-25T15:19:26","modified_gmt":"2026-05-25T19:19:26","slug":"mois-santementale","status":"publish","type":"post","link":"https:\/\/blog.legeropinion.com\/fr\/nouvelles\/mois-santementale\/","title":{"rendered":"Sant\u00e9 mentale au Canada"},"content":{"rendered":"\n<h2 class=\"wp-block-heading\" style=\"text-transform:none\">La sant\u00e9 mentale des Canadien\u2022nes&nbsp;: ce que r\u00e9v\u00e8lent les donn\u00e9es 2026<\/h2>\n\n\n\n<div style=\"height:20px\" aria-hidden=\"true\" class=\"wp-block-spacer\"><\/div>\n\n\n\n<p class=\"wp-block-paragraph\">Mai marque le Mois de la sensibilisation \u00e0 la sant\u00e9 mentale, une belle occasion de prendre un moment pour penser \u00e0 notre bien-\u00eatre et \u00e0 celui des autres.&nbsp;<\/p>\n\n\n\n<p class=\"wp-block-paragraph\">Dans un contexte o\u00f9 les enjeux personnels, professionnels et soci\u00e9taux occupent une place importante dans notre quotidien, la sant\u00e9 mentale devient un sujet incontournable. Pourtant, malgr\u00e9 une prise de conscience grandissante, certaines r\u00e9alit\u00e9s demeurent peu visibles.<\/p>\n\n\n\n<div style=\"height:50px\" aria-hidden=\"true\" class=\"wp-block-spacer\"><\/div>\n\n\n<div class=\"wp-block-image\">\n<figure class=\"aligncenter size-large is-resized\"><img loading=\"lazy\" decoding=\"async\" width=\"1024\" height=\"683\" src=\"https:\/\/blog.legeropinion.com\/wp-content\/uploads\/2026\/05\/shutterstock_2635697501-1-1024x683.jpg\" alt=\"Femme assise dans une cuisine moderne, lisant une \u00e9tude L\u00e9ger sur son smartphone depuis le confort de sa maison.\" class=\"wp-image-7218\" style=\"width:500px\" srcset=\"https:\/\/blog.legeropinion.com\/wp-content\/uploads\/2026\/05\/shutterstock_2635697501-1-1024x683.jpg 1024w, https:\/\/blog.legeropinion.com\/wp-content\/uploads\/2026\/05\/shutterstock_2635697501-1-300x200.jpg 300w, https:\/\/blog.legeropinion.com\/wp-content\/uploads\/2026\/05\/shutterstock_2635697501-1-768x512.jpg 768w, https:\/\/blog.legeropinion.com\/wp-content\/uploads\/2026\/05\/shutterstock_2635697501-1-1536x1024.jpg 1536w, https:\/\/blog.legeropinion.com\/wp-content\/uploads\/2026\/05\/shutterstock_2635697501-1-2048x1365.jpg 2048w\" sizes=\"auto, (max-width: 1024px) 100vw, 1024px\" \/><\/figure>\n<\/div>\n\n\n<div style=\"height:100px\" aria-hidden=\"true\" class=\"wp-block-spacer\"><\/div>\n\n\n\n<h2 class=\"wp-block-heading\" style=\"text-transform:none\"><strong>Une r\u00e9alit\u00e9 encore trop souvent cach\u00e9e<\/strong><\/h2>\n\n\n\n<div style=\"height:20px\" aria-hidden=\"true\" class=\"wp-block-spacer\"><\/div>\n\n\n\n<p class=\"wp-block-paragraph\">Selon une enqu\u00eate men\u00e9e gr\u00e2ce \u00e0 LEO en f\u00e9vrier 2026, pr\u00e8s d\u2019une personne sur deux a cach\u00e9 son \u00e9tat de sant\u00e9 mentale au travail au cours de la derni\u00e8re ann\u00e9e.<\/p>\n\n\n\n<p class=\"wp-block-paragraph\">Plus pr\u00e9occupant encore, 24% affirment le faire syst\u00e9matiquement aupr\u00e8s de leur employeur ou de leurs coll\u00e8gues, m\u00eame lorsqu\u2019ils vivent du stress, de l\u2019anxi\u00e9t\u00e9 ou de l\u2019\u00e9puisement.<\/p>\n\n\n\n<p class=\"wp-block-paragraph\">Ces r\u00e9sultats r\u00e9v\u00e8lent un constat bien r\u00e9el : la sant\u00e9 mentale reste un sujet difficile \u00e0 aborder en milieu de travail.<\/p>\n\n\n\n<div style=\"height:50px\" aria-hidden=\"true\" class=\"wp-block-spacer\"><\/div>\n\n\n\n<h2 class=\"wp-block-heading\" style=\"text-transform:none\"><strong>Des \u00e9carts marqu\u00e9s<\/strong><\/h2>\n\n\n\n<div style=\"height:20px\" aria-hidden=\"true\" class=\"wp-block-spacer\"><\/div>\n\n\n\n<p class=\"wp-block-paragraph\">Les exp\u00e9riences li\u00e9es \u00e0 la sant\u00e9 mentale varient d\u2019une personne \u00e0 l\u2019autre.<\/p>\n\n\n\n<p class=\"wp-block-paragraph\">Les jeunes travailleur\u00b7euses sont particuli\u00e8rement touch\u00e9s : pr\u00e8s du quart d\u2019entre eux cachent syst\u00e9matiquement leurs difficult\u00e9s.<\/p>\n\n\n\n<p class=\"wp-block-paragraph\">Les femmes sont \u00e9galement plus nombreuses \u00e0 taire leur \u00e9tat de sant\u00e9 mentale, 50 % d\u2019entre elles affirmant le faire, comparativement \u00e0 38 % des hommes.<\/p>\n\n\n\n<p class=\"wp-block-paragraph\">Ces \u00e9carts peuvent s\u2019expliquer notamment par la pr\u00e9carit\u00e9 de certains emplois et par la stigmatisation entourant la sant\u00e9 mentale.<\/p>\n\n\n\n<div style=\"height:50px\" aria-hidden=\"true\" class=\"wp-block-spacer\"><\/div>\n\n\n<div class=\"wp-block-image\">\n<figure class=\"aligncenter size-large is-resized\"><img loading=\"lazy\" decoding=\"async\" width=\"1024\" height=\"683\" src=\"https:\/\/blog.legeropinion.com\/wp-content\/uploads\/2026\/05\/shutterstock_2623309995-1024x683.jpg\" alt=\"Homme assis sur un canap\u00e9 \u00e0 la maison avec une expression pr\u00e9occup\u00e9e, illustrant le stress et l\u2019anxi\u00e9t\u00e9 financi\u00e8re abord\u00e9s dans une \u00e9tude L\u00e9ger.\" class=\"wp-image-7220\" style=\"width:500px\" srcset=\"https:\/\/blog.legeropinion.com\/wp-content\/uploads\/2026\/05\/shutterstock_2623309995-1024x683.jpg 1024w, https:\/\/blog.legeropinion.com\/wp-content\/uploads\/2026\/05\/shutterstock_2623309995-300x200.jpg 300w, https:\/\/blog.legeropinion.com\/wp-content\/uploads\/2026\/05\/shutterstock_2623309995-768x512.jpg 768w, https:\/\/blog.legeropinion.com\/wp-content\/uploads\/2026\/05\/shutterstock_2623309995-1536x1025.jpg 1536w\" sizes=\"auto, (max-width: 1024px) 100vw, 1024px\" \/><\/figure>\n<\/div>\n\n\n<div style=\"height:100px\" aria-hidden=\"true\" class=\"wp-block-spacer\"><\/div>\n\n\n\n<h2 class=\"wp-block-heading\" style=\"text-transform:none\"><strong>Une perception en am\u00e9lioration, mais toujours fragile<\/strong><\/h2>\n\n\n\n<div style=\"height:20px\" aria-hidden=\"true\" class=\"wp-block-spacer\"><\/div>\n\n\n\n<p class=\"wp-block-paragraph\">Malgr\u00e9 ces constats, certaines donn\u00e9es montrent une \u00e9volution positive.<\/p>\n\n\n\n<p class=\"wp-block-paragraph\">En 2025, 86% des Canadien\u00b7nes \u00e9valuent leur sant\u00e9 mentale comme bonne, tr\u00e8s bonne ou excellente, tandis que 11% la jugent mauvaise.<\/p>\n\n\n\n<p class=\"wp-block-paragraph\">\u00c0 titre de comparaison, en d\u00e9cembre 2020, seulement 79% d\u00e9claraient une bonne sant\u00e9 mentale, et 19% une mauvaise.<\/p>\n\n\n\n<p class=\"wp-block-paragraph\">Ces r\u00e9sultats sugg\u00e8rent une am\u00e9lioration globale, mais ne doivent pas faire oublier les d\u00e9fis qui persistent, notamment en milieu de travail.<\/p>\n\n\n\n<div style=\"height:50px\" aria-hidden=\"true\" class=\"wp-block-spacer\"><\/div>\n\n\n\n<h2 class=\"wp-block-heading\" style=\"text-transform:none\"><strong>Un contexte qui influence le bien-\u00eatre<\/strong><\/h2>\n\n\n\n<div style=\"height:20px\" aria-hidden=\"true\" class=\"wp-block-spacer\"><\/div>\n\n\n\n<p class=\"wp-block-paragraph\">Selon les Canadien\u00b7nes, plusieurs \u00e9l\u00e9ments du quotidien ont un impact direct sur le bien-\u00eatre mental :<\/p>\n\n\n\n<ul class=\"wp-block-list\">\n<li>Les enjeux politiques et les d\u00e9cisions gouvernementales: <strong>72%<\/strong><\/li>\n\n\n\n<li>Les enjeux familiaux et personnels: <strong>69%<\/strong><\/li>\n\n\n\n<li>Les enjeux de sant\u00e9 et de bien-\u00eatre: <strong>67%<\/strong><\/li>\n\n\n\n<li>Les enjeux sociaux et culturels: <strong>60%<\/strong><\/li>\n<\/ul>\n\n\n\n<p class=\"wp-block-paragraph\">Ces donn\u00e9es prouvent que notre environnement joue un r\u00f4le important dans notre \u00e9quilibre mental.<\/p>\n\n\n\n<div style=\"height:50px\" aria-hidden=\"true\" class=\"wp-block-spacer\"><\/div>\n\n\n\n<h2 class=\"wp-block-heading\" style=\"text-transform:none\"><strong>Parler, c\u2019est d\u00e9j\u00e0 un premier pas<\/strong><\/h2>\n\n\n\n<div style=\"height:20px\" aria-hidden=\"true\" class=\"wp-block-spacer\"><\/div>\n\n\n\n<p class=\"wp-block-paragraph\">border la sant\u00e9 mentale peut sembler difficile, mais en parler est essentiel.<\/p>\n\n\n\n<p class=\"wp-block-paragraph\">Que ce soit avec un\u00b7e proche, un\u00b7e coll\u00e8gue ou un\u00b7e professionnel\u00b7le, chaque \u00e9change contribue \u00e0 briser les tabous et \u00e0 normaliser ces discussions.<\/p>\n\n\n\n<p class=\"wp-block-paragraph\">Vous n\u2019\u00eates pas seul\u00b7e.<\/p>\n\n\n\n<div style=\"height:50px\" aria-hidden=\"true\" class=\"wp-block-spacer\"><\/div>\n\n\n<div class=\"wp-block-image\">\n<figure class=\"aligncenter size-large is-resized\"><img loading=\"lazy\" decoding=\"async\" width=\"1024\" height=\"683\" src=\"https:\/\/blog.legeropinion.com\/wp-content\/uploads\/2025\/09\/shutterstock_2470535305-1024x683.jpg\" alt=\"Groupe diversifi\u00e9 de jeunes adultes souriant ensemble \u00e0 l\u2019ext\u00e9rieur, illustrant l\u2019amiti\u00e9, les liens sociaux et le sentiment de communaut\u00e9 mis en lumi\u00e8re dans une \u00e9tude L\u00e9ger.\" class=\"wp-image-6717\" style=\"width:500px\" srcset=\"https:\/\/blog.legeropinion.com\/wp-content\/uploads\/2025\/09\/shutterstock_2470535305-1024x683.jpg 1024w, https:\/\/blog.legeropinion.com\/wp-content\/uploads\/2025\/09\/shutterstock_2470535305-300x200.jpg 300w, https:\/\/blog.legeropinion.com\/wp-content\/uploads\/2025\/09\/shutterstock_2470535305-768x512.jpg 768w, https:\/\/blog.legeropinion.com\/wp-content\/uploads\/2025\/09\/shutterstock_2470535305-1536x1025.jpg 1536w\" sizes=\"auto, (max-width: 1024px) 100vw, 1024px\" \/><\/figure>\n<\/div>\n\n\n<div style=\"height:100px\" aria-hidden=\"true\" class=\"wp-block-spacer\"><\/div>\n\n\n\n<h2 class=\"wp-block-heading\" style=\"text-transform:none\"><strong>Sources :<\/strong><\/h2>\n\n\n\n<div style=\"height:20px\" aria-hidden=\"true\" class=\"wp-block-spacer\"><\/div>\n\n\n\n<ul class=\"wp-block-list\">\n<li>Sondage L\u00e9ger sur la sant\u00e9 mentale aupr\u00e8s des personnes 2ELGBTQIA+, L\u00e9ger, 2024, <a href=\"https:\/\/interligne.co\/sondage-leger-sur-la-sante-mentale-aupres-des-personnes-2elgbtqia\/\">https:\/\/interligne.co\/sondage-leger-sur-la-sante-mentale-aupres-des-personnes-2elgbtqia\/<\/a><\/li>\n<\/ul>\n\n\n\n<ul class=\"wp-block-list\">\n<li>Bilan 2025: une ann\u00e9e d\u2019incertitude et de r\u00e9silience, L\u00e9ger, 2025, <a href=\"https:\/\/leger360.com\/fr\/dernieres-nouvelles-bilan-2025-leger\/\">https:\/\/leger360.com\/fr\/dernieres-nouvelles-bilan-2025-leger\/<\/a><\/li>\n<\/ul>\n\n\n\n<div style=\"height:100px\" aria-hidden=\"true\" class=\"wp-block-spacer\"><\/div>\n\n\n\n<h2 class=\"wp-block-heading\" style=\"text-transform:none\"><strong>Des articles qui pourraient vous int\u00e9resser<\/strong><\/h2>\n\n\n\n<div style=\"height:20px\" aria-hidden=\"true\" class=\"wp-block-spacer\"><\/div>\n\n\n\n<ul class=\"wp-block-list\">\n<li><a href=\"https:\/\/blog.legeropinion.com\/fr\/nouvelles\/votre-opinion-au-coeur-des-debats-2025\/\">Ce que les r\u00e9ponses de la communaut\u00e9 LEO ont r\u00e9v\u00e9l\u00e9 sur l\u2019actualit\u00e9 en 2025<\/a><\/li>\n\n\n\n<li><a href=\"https:\/\/blog.legeropinion.com\/fr\/nouvelles\/votre-opinion-sur-les-phenomenes-meteorologiques-extremes\/\">Feux, smog et chaleur<\/a><\/li>\n\n\n\n<li><a href=\"https:\/\/blog.legeropinion.com\/fr\/nouvelles\/conflits-tarifs-et-tensions\/\">Conflits, tarifs et tensions<\/a><\/li>\n\n\n\n<li><a href=\"https:\/\/blog.legeropinion.com\/fr\/nouvelles\/indice-du-bohneur-2025\/\">Indice Bonheur\u202f: le bonheur au Canada en 2025<\/a><\/li>\n\n\n\n<li><a href=\"https:\/\/blog.legeropinion.com\/fr\/nouvelles\/rentree-scolaire-2025-inflation-habitudes-achat\/\">Rentr\u00e9e scolaire : inflation et habitudes d&rsquo;achat<\/a><\/li>\n\n\n\n<li><a href=\"https:\/\/blog.legeropinion.com\/fr\/nouvelles\/halloween-les-habitudes-des-canadiens-en-2025\/\">Halloween : Les habitudes des Canadiens en 2025<\/a><\/li>\n\n\n\n<li><a href=\"https:\/\/blog.legeropinion.com\/fr\/nouvelles\/resolutions-et-habitudes-alimentaires\/\">R\u00e9solutions et&nbsp;habitudes alimentaires<\/a><\/li>\n<\/ul>\n\n\n\n<div style=\"height:50px\" aria-hidden=\"true\" class=\"wp-block-spacer\"><\/div>\n\n\n\n<h2 class=\"wp-block-heading\" style=\"text-transform:none\"><strong>Des questions?<\/strong><\/h2>\n\n\n\n<div style=\"height:20px\" aria-hidden=\"true\" class=\"wp-block-spacer\"><\/div>\n\n\n\n<p class=\"wp-block-paragraph\">Visitez notre\u202f<a href=\"https:\/\/www.legeropinion.com\/fr\/questions-frequentes\/\" target=\"_blank\" rel=\"noreferrer noopener\">section FAQ<\/a> pour plus de plus amples renseignements ou \u00e9crivez-nous.\u202f&nbsp;<\/p>\n\n\n\n<div style=\"height:50px\" aria-hidden=\"true\" class=\"wp-block-spacer\"><\/div>\n\n\n\n<h2 class=\"wp-block-heading\" style=\"text-transform:none\"><a href=\"https:\/\/www.legeropinion.com\/fr\/contact\/\">Contactez-nous<\/a><\/h2>\n\n\n\n<div style=\"height:100px\" aria-hidden=\"true\" class=\"wp-block-spacer\"><\/div>\n\n\n\n<h3 class=\"wp-block-heading has-medium-font-size\" style=\"text-transform:none\"><strong>Suivez-nous sur nos r\u00e9seaux sociaux!<\/strong><\/h3>\n\n\n\n<div style=\"height:30px\" aria-hidden=\"true\" class=\"wp-block-spacer\"><\/div>\n\n\n\n<ul class=\"wp-block-social-links alignleft has-large-icon-size is-layout-flex wp-block-social-links-is-layout-flex\"><li class=\"wp-social-link wp-social-link-instagram wp-block-social-link\"><a href=\"https:\/\/www.instagram.com\/legeropinion\/\" class=\"wp-block-social-link-anchor\"><svg width=\"24\" height=\"24\" viewBox=\"0 0 24 24\" version=\"1.1\" xmlns=\"http:\/\/www.w3.org\/2000\/svg\" aria-hidden=\"true\" focusable=\"false\"><path d=\"M12,4.622c2.403,0,2.688,0.009,3.637,0.052c0.877,0.04,1.354,0.187,1.671,0.31c0.42,0.163,0.72,0.358,1.035,0.673 c0.315,0.315,0.51,0.615,0.673,1.035c0.123,0.317,0.27,0.794,0.31,1.671c0.043,0.949,0.052,1.234,0.052,3.637 s-0.009,2.688-0.052,3.637c-0.04,0.877-0.187,1.354-0.31,1.671c-0.163,0.42-0.358,0.72-0.673,1.035 c-0.315,0.315-0.615,0.51-1.035,0.673c-0.317,0.123-0.794,0.27-1.671,0.31c-0.949,0.043-1.233,0.052-3.637,0.052 s-2.688-0.009-3.637-0.052c-0.877-0.04-1.354-0.187-1.671-0.31c-0.42-0.163-0.72-0.358-1.035-0.673 c-0.315-0.315-0.51-0.615-0.673-1.035c-0.123-0.317-0.27-0.794-0.31-1.671C4.631,14.688,4.622,14.403,4.622,12 s0.009-2.688,0.052-3.637c0.04-0.877,0.187-1.354,0.31-1.671c0.163-0.42,0.358-0.72,0.673-1.035 c0.315-0.315,0.615-0.51,1.035-0.673c0.317-0.123,0.794-0.27,1.671-0.31C9.312,4.631,9.597,4.622,12,4.622 M12,3 C9.556,3,9.249,3.01,8.289,3.054C7.331,3.098,6.677,3.25,6.105,3.472C5.513,3.702,5.011,4.01,4.511,4.511 c-0.5,0.5-0.808,1.002-1.038,1.594C3.25,6.677,3.098,7.331,3.054,8.289C3.01,9.249,3,9.556,3,12c0,2.444,0.01,2.751,0.054,3.711 c0.044,0.958,0.196,1.612,0.418,2.185c0.23,0.592,0.538,1.094,1.038,1.594c0.5,0.5,1.002,0.808,1.594,1.038 c0.572,0.222,1.227,0.375,2.185,0.418C9.249,20.99,9.556,21,12,21s2.751-0.01,3.711-0.054c0.958-0.044,1.612-0.196,2.185-0.418 c0.592-0.23,1.094-0.538,1.594-1.038c0.5-0.5,0.808-1.002,1.038-1.594c0.222-0.572,0.375-1.227,0.418-2.185 C20.99,14.751,21,14.444,21,12s-0.01-2.751-0.054-3.711c-0.044-0.958-0.196-1.612-0.418-2.185c-0.23-0.592-0.538-1.094-1.038-1.594 c-0.5-0.5-1.002-0.808-1.594-1.038c-0.572-0.222-1.227-0.375-2.185-0.418C14.751,3.01,14.444,3,12,3L12,3z M12,7.378 c-2.552,0-4.622,2.069-4.622,4.622S9.448,16.622,12,16.622s4.622-2.069,4.622-4.622S14.552,7.378,12,7.378z M12,15 c-1.657,0-3-1.343-3-3s1.343-3,3-3s3,1.343,3,3S13.657,15,12,15z M16.804,6.116c-0.596,0-1.08,0.484-1.08,1.08 s0.484,1.08,1.08,1.08c0.596,0,1.08-0.484,1.08-1.08S17.401,6.116,16.804,6.116z\"><\/path><\/svg><span class=\"wp-block-social-link-label screen-reader-text\">Instagram<\/span><\/a><\/li>\n\n<li class=\"wp-social-link wp-social-link-facebook wp-block-social-link\"><a href=\"https:\/\/www.facebook.com\/legeropinion\" class=\"wp-block-social-link-anchor\"><svg width=\"24\" height=\"24\" viewBox=\"0 0 24 24\" version=\"1.1\" xmlns=\"http:\/\/www.w3.org\/2000\/svg\" aria-hidden=\"true\" focusable=\"false\"><path d=\"M12 2C6.5 2 2 6.5 2 12c0 5 3.7 9.1 8.4 9.9v-7H7.9V12h2.5V9.8c0-2.5 1.5-3.9 3.8-3.9 1.1 0 2.2.2 2.2.2v2.5h-1.3c-1.2 0-1.6.8-1.6 1.6V12h2.8l-.4 2.9h-2.3v7C18.3 21.1 22 17 22 12c0-5.5-4.5-10-10-10z\"><\/path><\/svg><span class=\"wp-block-social-link-label screen-reader-text\">Facebook<\/span><\/a><\/li>\n\n<li class=\"wp-social-link wp-social-link-tiktok wp-block-social-link\"><a href=\"https:\/\/www.tiktok.com\/@legeropinion\" class=\"wp-block-social-link-anchor\"><svg width=\"24\" height=\"24\" viewBox=\"0 0 32 32\" version=\"1.1\" xmlns=\"http:\/\/www.w3.org\/2000\/svg\" aria-hidden=\"true\" focusable=\"false\"><path d=\"M16.708 0.027c1.745-0.027 3.48-0.011 5.213-0.027 0.105 2.041 0.839 4.12 2.333 5.563 1.491 1.479 3.6 2.156 5.652 2.385v5.369c-1.923-0.063-3.855-0.463-5.6-1.291-0.76-0.344-1.468-0.787-2.161-1.24-0.009 3.896 0.016 7.787-0.025 11.667-0.104 1.864-0.719 3.719-1.803 5.255-1.744 2.557-4.771 4.224-7.88 4.276-1.907 0.109-3.812-0.411-5.437-1.369-2.693-1.588-4.588-4.495-4.864-7.615-0.032-0.667-0.043-1.333-0.016-1.984 0.24-2.537 1.495-4.964 3.443-6.615 2.208-1.923 5.301-2.839 8.197-2.297 0.027 1.975-0.052 3.948-0.052 5.923-1.323-0.428-2.869-0.308-4.025 0.495-0.844 0.547-1.485 1.385-1.819 2.333-0.276 0.676-0.197 1.427-0.181 2.145 0.317 2.188 2.421 4.027 4.667 3.828 1.489-0.016 2.916-0.88 3.692-2.145 0.251-0.443 0.532-0.896 0.547-1.417 0.131-2.385 0.079-4.76 0.095-7.145 0.011-5.375-0.016-10.735 0.025-16.093z\" \/><\/svg><span class=\"wp-block-social-link-label screen-reader-text\">TikTok<\/span><\/a><\/li><\/ul>\n\n\n\n<div style=\"height:100px\" aria-hidden=\"true\" class=\"wp-block-spacer\"><\/div>\n\n\n\n<p class=\"wp-block-paragraph\"><em>Cr\u00e9dit d&rsquo;images : Shutterstock.com<\/em><\/p>\n\n\n\n<div style=\"height:100px\" aria-hidden=\"true\" class=\"wp-block-spacer\"><\/div>\n\n\n\n<h2 class=\"wp-block-heading\" style=\"text-transform:none\"><strong>Comment d\u00e9criveriez-vous votre sant\u00e9 mentale?<\/strong><\/h2>\n\n\n\n<p class=\"has-small-font-size wp-block-paragraph\"><em>Tout commentaire doit rester respectueux et ne pas contenir de propos inappropri\u00e9s, offensants, diffamatoires ou allant \u00e0 l\u2019encontre des&nbsp;<a href=\"https:\/\/app.legeropinion.com\/app\/info\/conditions-utlisation\">conditions d\u2019utilisation<\/a>, sans quoi il pourrait ne pas \u00eatre approuv\u00e9 ou \u00eatre supprim\u00e9 par LEO.<\/em><\/p>\n\n\n\n<div style=\"height:100px\" aria-hidden=\"true\" class=\"wp-block-spacer\"><\/div>\n\n\n\n<div class=\"wp-block-comments\"><h2 id=\"comments\" class=\"wp-block-comments-title\">29 responses to &#8220;Sant\u00e9 mentale au Canada&#8221;<\/h2>\n\n<ol class=\"wp-block-comment-template\"><li id=\"comment-11308\" class=\"comment even thread-even depth-1\">\n\n<div class=\"wp-block-columns is-layout-flex wp-container-core-columns-is-layout-8f761849 wp-block-columns-is-layout-flex\">\n<div class=\"wp-block-column is-layout-flow wp-block-column-is-layout-flow\" style=\"flex-basis:40px\"><div class=\"wp-block-avatar\">  <\/div><\/div>\n\n\n\n<div class=\"wp-block-column is-layout-flow wp-block-column-is-layout-flow\"><div class=\"wp-block-comment-author-name has-small-font-size\">Gilbert Asselin<\/div>\n\n\n<div class=\"wp-block-group is-layout-flex wp-block-group-is-layout-flex\" style=\"margin-top:0px;margin-bottom:0px\"><div class=\"wp-block-comment-date has-small-font-size\"><time datetime=\"2026-05-18T20:36:27-04:00\"><a href=\"https:\/\/blog.legeropinion.com\/fr\/nouvelles\/mois-santementale\/#comment-11308\">18 mai 2026<\/a><\/time><\/div>\n\n<\/div>\n\n\n<div style=\"background-color:#eeeeee\" class=\"wp-block-comment-content has-background\"><p>Je n&rsquo;ai aucun probl\u00e8me de sant\u00e9 mental, heureux dans le mariage depuis 62 ans. Deux enfants heureux aussi dans le mariage.<\/p>\n<\/div>\n\n<div class=\"wp-block-comment-reply-link has-small-font-size\"><a rel=\"nofollow\" class=\"comment-reply-link\" href=\"#comment-11308\" data-commentid=\"11308\" data-postid=\"7215\" data-belowelement=\"comment-11308\" data-respondelement=\"respond\" data-replyto=\"R\u00e9pondre \u00e0 Gilbert Asselin\" aria-label=\"R\u00e9pondre \u00e0 Gilbert Asselin\">Reply<\/a><\/div><\/div>\n<\/div>\n\n<\/li><li id=\"comment-11315\" class=\"comment odd alt thread-odd thread-alt depth-1\">\n\n<div class=\"wp-block-columns is-layout-flex wp-container-core-columns-is-layout-8f761849 wp-block-columns-is-layout-flex\">\n<div class=\"wp-block-column is-layout-flow wp-block-column-is-layout-flow\" style=\"flex-basis:40px\"><div class=\"wp-block-avatar\">  <\/div><\/div>\n\n\n\n<div class=\"wp-block-column is-layout-flow wp-block-column-is-layout-flow\"><div class=\"wp-block-comment-author-name has-small-font-size\">Jos\u00e9e Goudreau<\/div>\n\n\n<div class=\"wp-block-group is-layout-flex wp-block-group-is-layout-flex\" style=\"margin-top:0px;margin-bottom:0px\"><div class=\"wp-block-comment-date has-small-font-size\"><time datetime=\"2026-05-19T13:55:28-04:00\"><a href=\"https:\/\/blog.legeropinion.com\/fr\/nouvelles\/mois-santementale\/#comment-11315\">19 mai 2026<\/a><\/time><\/div>\n\n<\/div>\n\n\n<div style=\"background-color:#eeeeee\" class=\"wp-block-comment-content has-background\"><p>Je me sens tr\u00e8s bien<\/p>\n<\/div>\n\n<div class=\"wp-block-comment-reply-link has-small-font-size\"><a rel=\"nofollow\" class=\"comment-reply-link\" href=\"#comment-11315\" data-commentid=\"11315\" data-postid=\"7215\" data-belowelement=\"comment-11315\" data-respondelement=\"respond\" data-replyto=\"R\u00e9pondre \u00e0 Jos\u00e9e Goudreau\" aria-label=\"R\u00e9pondre \u00e0 Jos\u00e9e Goudreau\">Reply<\/a><\/div><\/div>\n<\/div>\n\n<\/li><li id=\"comment-11318\" class=\"comment even thread-even depth-1\">\n\n<div class=\"wp-block-columns is-layout-flex wp-container-core-columns-is-layout-8f761849 wp-block-columns-is-layout-flex\">\n<div class=\"wp-block-column is-layout-flow wp-block-column-is-layout-flow\" style=\"flex-basis:40px\"><div class=\"wp-block-avatar\">  <\/div><\/div>\n\n\n\n<div class=\"wp-block-column is-layout-flow wp-block-column-is-layout-flow\"><div class=\"wp-block-comment-author-name has-small-font-size\">Guylaine<\/div>\n\n\n<div class=\"wp-block-group is-layout-flex wp-block-group-is-layout-flex\" style=\"margin-top:0px;margin-bottom:0px\"><div class=\"wp-block-comment-date has-small-font-size\"><time datetime=\"2026-05-19T18:26:56-04:00\"><a href=\"https:\/\/blog.legeropinion.com\/fr\/nouvelles\/mois-santementale\/#comment-11318\">19 mai 2026<\/a><\/time><\/div>\n\n<\/div>\n\n\n<div style=\"background-color:#eeeeee\" class=\"wp-block-comment-content has-background\"><p>Bonne sant\u00e9 mentale<\/p>\n<\/div>\n\n<div class=\"wp-block-comment-reply-link has-small-font-size\"><a rel=\"nofollow\" class=\"comment-reply-link\" href=\"#comment-11318\" data-commentid=\"11318\" data-postid=\"7215\" data-belowelement=\"comment-11318\" data-respondelement=\"respond\" data-replyto=\"R\u00e9pondre \u00e0 Guylaine\" aria-label=\"R\u00e9pondre \u00e0 Guylaine\">Reply<\/a><\/div><\/div>\n<\/div>\n\n<\/li><li id=\"comment-11325\" class=\"comment odd alt thread-odd thread-alt depth-1\">\n\n<div class=\"wp-block-columns is-layout-flex wp-container-core-columns-is-layout-8f761849 wp-block-columns-is-layout-flex\">\n<div class=\"wp-block-column is-layout-flow wp-block-column-is-layout-flow\" style=\"flex-basis:40px\"><div class=\"wp-block-avatar\">  <\/div><\/div>\n\n\n\n<div class=\"wp-block-column is-layout-flow wp-block-column-is-layout-flow\"><div class=\"wp-block-comment-author-name has-small-font-size\">Michel Rousseau<\/div>\n\n\n<div class=\"wp-block-group is-layout-flex wp-block-group-is-layout-flex\" style=\"margin-top:0px;margin-bottom:0px\"><div class=\"wp-block-comment-date has-small-font-size\"><time datetime=\"2026-05-20T12:35:02-04:00\"><a href=\"https:\/\/blog.legeropinion.com\/fr\/nouvelles\/mois-santementale\/#comment-11325\">20 mai 2026<\/a><\/time><\/div>\n\n<\/div>\n\n\n<div style=\"background-color:#eeeeee\" class=\"wp-block-comment-content has-background\"><p>Ma sant\u00e9 mentale va tr\u00e8s bien et je m\u2019assure de garder le positif \u00e0 tous les jours.<\/p>\n<\/div>\n\n<div class=\"wp-block-comment-reply-link has-small-font-size\"><a rel=\"nofollow\" class=\"comment-reply-link\" href=\"#comment-11325\" data-commentid=\"11325\" data-postid=\"7215\" data-belowelement=\"comment-11325\" data-respondelement=\"respond\" data-replyto=\"R\u00e9pondre \u00e0 Michel Rousseau\" aria-label=\"R\u00e9pondre \u00e0 Michel Rousseau\">Reply<\/a><\/div><\/div>\n<\/div>\n\n<\/li><li id=\"comment-11330\" class=\"comment even thread-even depth-1\">\n\n<div class=\"wp-block-columns is-layout-flex wp-container-core-columns-is-layout-8f761849 wp-block-columns-is-layout-flex\">\n<div class=\"wp-block-column is-layout-flow wp-block-column-is-layout-flow\" style=\"flex-basis:40px\"><div class=\"wp-block-avatar\">  <\/div><\/div>\n\n\n\n<div class=\"wp-block-column is-layout-flow wp-block-column-is-layout-flow\"><div class=\"wp-block-comment-author-name has-small-font-size\">Nicole Boh\u00e9mier<\/div>\n\n\n<div class=\"wp-block-group is-layout-flex wp-block-group-is-layout-flex\" style=\"margin-top:0px;margin-bottom:0px\"><div class=\"wp-block-comment-date has-small-font-size\"><time datetime=\"2026-05-20T19:48:38-04:00\"><a href=\"https:\/\/blog.legeropinion.com\/fr\/nouvelles\/mois-santementale\/#comment-11330\">20 mai 2026<\/a><\/time><\/div>\n\n<\/div>\n\n\n<div style=\"background-color:#eeeeee\" class=\"wp-block-comment-content has-background\"><p>Je crois que ma sant\u00e9 mentale est quand m\u00eame assez bonne malgr\u00e9 le stress qui m\u2019habite lorsque je fais face \u00e0 des situations nouvelles ou difficiles.<\/p>\n<\/div>\n\n<div class=\"wp-block-comment-reply-link has-small-font-size\"><a rel=\"nofollow\" class=\"comment-reply-link\" href=\"#comment-11330\" data-commentid=\"11330\" data-postid=\"7215\" data-belowelement=\"comment-11330\" data-respondelement=\"respond\" data-replyto=\"R\u00e9pondre \u00e0 Nicole Boh\u00e9mier\" aria-label=\"R\u00e9pondre \u00e0 Nicole Boh\u00e9mier\">Reply<\/a><\/div><\/div>\n<\/div>\n\n<\/li><li id=\"comment-11331\" class=\"comment odd alt thread-odd thread-alt depth-1\">\n\n<div class=\"wp-block-columns is-layout-flex wp-container-core-columns-is-layout-8f761849 wp-block-columns-is-layout-flex\">\n<div class=\"wp-block-column is-layout-flow wp-block-column-is-layout-flow\" style=\"flex-basis:40px\"><div class=\"wp-block-avatar\">  <\/div><\/div>\n\n\n\n<div class=\"wp-block-column is-layout-flow wp-block-column-is-layout-flow\"><div class=\"wp-block-comment-author-name has-small-font-size\">lorraine comtois<\/div>\n\n\n<div class=\"wp-block-group is-layout-flex wp-block-group-is-layout-flex\" style=\"margin-top:0px;margin-bottom:0px\"><div class=\"wp-block-comment-date has-small-font-size\"><time datetime=\"2026-05-20T23:02:32-04:00\"><a href=\"https:\/\/blog.legeropinion.com\/fr\/nouvelles\/mois-santementale\/#comment-11331\">20 mai 2026<\/a><\/time><\/div>\n\n<\/div>\n\n\n<div style=\"background-color:#eeeeee\" class=\"wp-block-comment-content has-background\"><p>Bonjours \u00e0 tout ceux qui on eut des probl\u00e8mes de d\u00e9pression de burn out  qui on \u00e9t\u00e9 accompagner de crise de panique ou  d\u2019hyperventilation  et d\u2019\u00e9tourdissement de tremblement en tout temps avant d avoir le diagnostique du m\u00e9decin pour avoir de l\u2019aide les gens qui ne vivent pas cela ne comprenne pas et pense que c est jouer de la com\u00e9die si le monde peut \u00eatre sensibilis\u00e9 plus aux effets de c est maladies qui sont tr\u00e8s commune comprendrait plus le mal de de vivre de ces personnes qui le vivent au quotidien et qui se bat avec ces probl\u00e8mes mentaux en tout temps parce que faux dire la v\u00e9rit\u00e9 quand tu commence ces maux c est pour toujours et heureusement sont tr\u00e8s bien contr\u00f4ler avec une m\u00e9dication et un suivie m\u00e9dicale dommage qui y en a qui trouve sa dr\u00f4le et qui ne prenne pas sa au s\u00e9rieux<\/p>\n<\/div>\n\n<div class=\"wp-block-comment-reply-link has-small-font-size\"><a rel=\"nofollow\" class=\"comment-reply-link\" href=\"#comment-11331\" data-commentid=\"11331\" data-postid=\"7215\" data-belowelement=\"comment-11331\" data-respondelement=\"respond\" data-replyto=\"R\u00e9pondre \u00e0 lorraine comtois\" aria-label=\"R\u00e9pondre \u00e0 lorraine comtois\">Reply<\/a><\/div><\/div>\n<\/div>\n\n<\/li><li id=\"comment-11343\" class=\"comment even thread-even depth-1\">\n\n<div class=\"wp-block-columns is-layout-flex wp-container-core-columns-is-layout-8f761849 wp-block-columns-is-layout-flex\">\n<div class=\"wp-block-column is-layout-flow wp-block-column-is-layout-flow\" style=\"flex-basis:40px\"><div class=\"wp-block-avatar\">  <\/div><\/div>\n\n\n\n<div class=\"wp-block-column is-layout-flow wp-block-column-is-layout-flow\"><div class=\"wp-block-comment-author-name has-small-font-size\">Katherine Villegas salazar<\/div>\n\n\n<div class=\"wp-block-group is-layout-flex wp-block-group-is-layout-flex\" style=\"margin-top:0px;margin-bottom:0px\"><div class=\"wp-block-comment-date has-small-font-size\"><time datetime=\"2026-05-22T10:17:41-04:00\"><a href=\"https:\/\/blog.legeropinion.com\/fr\/nouvelles\/mois-santementale\/#comment-11343\">22 mai 2026<\/a><\/time><\/div>\n\n<\/div>\n\n\n<div style=\"background-color:#eeeeee\" class=\"wp-block-comment-content has-background\"><p>Ma sant\u00e9  est tr\u00e8s  bonne<\/p>\n<\/div>\n\n<div class=\"wp-block-comment-reply-link has-small-font-size\"><a rel=\"nofollow\" class=\"comment-reply-link\" href=\"#comment-11343\" data-commentid=\"11343\" data-postid=\"7215\" data-belowelement=\"comment-11343\" data-respondelement=\"respond\" data-replyto=\"R\u00e9pondre \u00e0 Katherine Villegas salazar\" aria-label=\"R\u00e9pondre \u00e0 Katherine Villegas salazar\">Reply<\/a><\/div><\/div>\n<\/div>\n\n<\/li><li id=\"comment-11345\" class=\"comment odd alt thread-odd thread-alt depth-1\">\n\n<div class=\"wp-block-columns is-layout-flex wp-container-core-columns-is-layout-8f761849 wp-block-columns-is-layout-flex\">\n<div class=\"wp-block-column is-layout-flow wp-block-column-is-layout-flow\" style=\"flex-basis:40px\"><div class=\"wp-block-avatar\">  <\/div><\/div>\n\n\n\n<div class=\"wp-block-column is-layout-flow wp-block-column-is-layout-flow\"><div class=\"wp-block-comment-author-name has-small-font-size\">Micheline Fraser<\/div>\n\n\n<div class=\"wp-block-group is-layout-flex wp-block-group-is-layout-flex\" style=\"margin-top:0px;margin-bottom:0px\"><div class=\"wp-block-comment-date has-small-font-size\"><time datetime=\"2026-05-22T12:34:22-04:00\"><a href=\"https:\/\/blog.legeropinion.com\/fr\/nouvelles\/mois-santementale\/#comment-11345\">22 mai 2026<\/a><\/time><\/div>\n\n<\/div>\n\n\n<div style=\"background-color:#eeeeee\" class=\"wp-block-comment-content has-background\"><p>Bonne<\/p>\n<\/div>\n\n<div class=\"wp-block-comment-reply-link has-small-font-size\"><a rel=\"nofollow\" class=\"comment-reply-link\" href=\"#comment-11345\" data-commentid=\"11345\" data-postid=\"7215\" data-belowelement=\"comment-11345\" data-respondelement=\"respond\" data-replyto=\"R\u00e9pondre \u00e0 Micheline Fraser\" aria-label=\"R\u00e9pondre \u00e0 Micheline Fraser\">Reply<\/a><\/div><\/div>\n<\/div>\n\n<\/li><li id=\"comment-11347\" class=\"comment even thread-even depth-1\">\n\n<div class=\"wp-block-columns is-layout-flex wp-container-core-columns-is-layout-8f761849 wp-block-columns-is-layout-flex\">\n<div class=\"wp-block-column is-layout-flow wp-block-column-is-layout-flow\" style=\"flex-basis:40px\"><div class=\"wp-block-avatar\">  <\/div><\/div>\n\n\n\n<div class=\"wp-block-column is-layout-flow wp-block-column-is-layout-flow\"><div class=\"wp-block-comment-author-name has-small-font-size\">Melissa<\/div>\n\n\n<div class=\"wp-block-group is-layout-flex wp-block-group-is-layout-flex\" style=\"margin-top:0px;margin-bottom:0px\"><div class=\"wp-block-comment-date has-small-font-size\"><time datetime=\"2026-05-22T14:58:50-04:00\"><a href=\"https:\/\/blog.legeropinion.com\/fr\/nouvelles\/mois-santementale\/#comment-11347\">22 mai 2026<\/a><\/time><\/div>\n\n<\/div>\n\n\n<div style=\"background-color:#eeeeee\" class=\"wp-block-comment-content has-background\"><p>Bien en sant\u00e9 mentale<\/p>\n<\/div>\n\n<div class=\"wp-block-comment-reply-link has-small-font-size\"><a rel=\"nofollow\" class=\"comment-reply-link\" href=\"#comment-11347\" data-commentid=\"11347\" data-postid=\"7215\" data-belowelement=\"comment-11347\" data-respondelement=\"respond\" data-replyto=\"R\u00e9pondre \u00e0 Melissa\" aria-label=\"R\u00e9pondre \u00e0 Melissa\">Reply<\/a><\/div><\/div>\n<\/div>\n\n<\/li><li id=\"comment-11350\" class=\"comment odd alt thread-odd thread-alt depth-1\">\n\n<div class=\"wp-block-columns is-layout-flex wp-container-core-columns-is-layout-8f761849 wp-block-columns-is-layout-flex\">\n<div class=\"wp-block-column is-layout-flow wp-block-column-is-layout-flow\" style=\"flex-basis:40px\"><div class=\"wp-block-avatar\">  <\/div><\/div>\n\n\n\n<div class=\"wp-block-column is-layout-flow wp-block-column-is-layout-flow\"><div class=\"wp-block-comment-author-name has-small-font-size\">Caro<\/div>\n\n\n<div class=\"wp-block-group is-layout-flex wp-block-group-is-layout-flex\" style=\"margin-top:0px;margin-bottom:0px\"><div class=\"wp-block-comment-date has-small-font-size\"><time datetime=\"2026-05-22T20:15:42-04:00\"><a href=\"https:\/\/blog.legeropinion.com\/fr\/nouvelles\/mois-santementale\/#comment-11350\">22 mai 2026<\/a><\/time><\/div>\n\n<\/div>\n\n\n<div style=\"background-color:#eeeeee\" class=\"wp-block-comment-content has-background\"><p>Je ne vais pas tellement bien , \u0301a vie est simple compliqu\u00e9 parfois<\/p>\n<\/div>\n\n<div class=\"wp-block-comment-reply-link has-small-font-size\"><a rel=\"nofollow\" class=\"comment-reply-link\" href=\"#comment-11350\" data-commentid=\"11350\" data-postid=\"7215\" data-belowelement=\"comment-11350\" data-respondelement=\"respond\" data-replyto=\"R\u00e9pondre \u00e0 Caro\" aria-label=\"R\u00e9pondre \u00e0 Caro\">Reply<\/a><\/div><\/div>\n<\/div>\n\n<\/li><li id=\"comment-11357\" class=\"comment even thread-even depth-1\">\n\n<div class=\"wp-block-columns is-layout-flex wp-container-core-columns-is-layout-8f761849 wp-block-columns-is-layout-flex\">\n<div class=\"wp-block-column is-layout-flow wp-block-column-is-layout-flow\" style=\"flex-basis:40px\"><div class=\"wp-block-avatar\">  <\/div><\/div>\n\n\n\n<div class=\"wp-block-column is-layout-flow wp-block-column-is-layout-flow\"><div class=\"wp-block-comment-author-name has-small-font-size\">Manon<\/div>\n\n\n<div class=\"wp-block-group is-layout-flex wp-block-group-is-layout-flex\" style=\"margin-top:0px;margin-bottom:0px\"><div class=\"wp-block-comment-date has-small-font-size\"><time datetime=\"2026-05-23T13:10:45-04:00\"><a href=\"https:\/\/blog.legeropinion.com\/fr\/nouvelles\/mois-santementale\/#comment-11357\">23 mai 2026<\/a><\/time><\/div>\n\n<\/div>\n\n\n<div style=\"background-color:#eeeeee\" class=\"wp-block-comment-content has-background\"><p>Ma sant\u00e9 mentale est excellente.<\/p>\n<\/div>\n\n<div class=\"wp-block-comment-reply-link has-small-font-size\"><a rel=\"nofollow\" class=\"comment-reply-link\" href=\"#comment-11357\" data-commentid=\"11357\" data-postid=\"7215\" data-belowelement=\"comment-11357\" data-respondelement=\"respond\" data-replyto=\"R\u00e9pondre \u00e0 Manon\" aria-label=\"R\u00e9pondre \u00e0 Manon\">Reply<\/a><\/div><\/div>\n<\/div>\n\n<\/li><li id=\"comment-11369\" class=\"comment odd alt thread-odd thread-alt depth-1\">\n\n<div class=\"wp-block-columns is-layout-flex wp-container-core-columns-is-layout-8f761849 wp-block-columns-is-layout-flex\">\n<div class=\"wp-block-column is-layout-flow wp-block-column-is-layout-flow\" style=\"flex-basis:40px\"><div class=\"wp-block-avatar\">  <\/div><\/div>\n\n\n\n<div class=\"wp-block-column is-layout-flow wp-block-column-is-layout-flow\"><div class=\"wp-block-comment-author-name has-small-font-size\">Manuel Kurtness<\/div>\n\n\n<div class=\"wp-block-group is-layout-flex wp-block-group-is-layout-flex\" style=\"margin-top:0px;margin-bottom:0px\"><div class=\"wp-block-comment-date has-small-font-size\"><time datetime=\"2026-05-24T19:39:51-04:00\"><a href=\"https:\/\/blog.legeropinion.com\/fr\/nouvelles\/mois-santementale\/#comment-11369\">24 mai 2026<\/a><\/time><\/div>\n\n<\/div>\n\n\n<div style=\"background-color:#eeeeee\" class=\"wp-block-comment-content has-background\"><p>Actuellement je prend un antid\u00e9presseur en lien avec la suite du d\u00e9c\u00e8s de mes deux parents et l\u2019impact de mes deux enfants adolescents qui son maintenant m\u00e9dicament un tdh et un autre tdah. Ma conjointe est aussi en mode d\u00e9pression suite \u00e0 la perte de son emploi injustement mise \u00e0 la porte pour avoir d\u00e9noncer des abus de son directeur policier. Elle est aussi \u00e9pileptique nocturne.<\/p>\n<\/div>\n\n<div class=\"wp-block-comment-reply-link has-small-font-size\"><a rel=\"nofollow\" class=\"comment-reply-link\" href=\"#comment-11369\" data-commentid=\"11369\" data-postid=\"7215\" data-belowelement=\"comment-11369\" data-respondelement=\"respond\" data-replyto=\"R\u00e9pondre \u00e0 Manuel Kurtness\" aria-label=\"R\u00e9pondre \u00e0 Manuel Kurtness\">Reply<\/a><\/div><\/div>\n<\/div>\n\n<\/li><li id=\"comment-11373\" class=\"comment even thread-even depth-1\">\n\n<div class=\"wp-block-columns is-layout-flex wp-container-core-columns-is-layout-8f761849 wp-block-columns-is-layout-flex\">\n<div class=\"wp-block-column is-layout-flow wp-block-column-is-layout-flow\" style=\"flex-basis:40px\"><div class=\"wp-block-avatar\">  <\/div><\/div>\n\n\n\n<div class=\"wp-block-column is-layout-flow wp-block-column-is-layout-flow\"><div class=\"wp-block-comment-author-name has-small-font-size\">Marc Ricard<\/div>\n\n\n<div class=\"wp-block-group is-layout-flex wp-block-group-is-layout-flex\" style=\"margin-top:0px;margin-bottom:0px\"><div class=\"wp-block-comment-date has-small-font-size\"><time datetime=\"2026-05-25T08:00:58-04:00\"><a href=\"https:\/\/blog.legeropinion.com\/fr\/nouvelles\/mois-santementale\/#comment-11373\">25 mai 2026<\/a><\/time><\/div>\n\n<\/div>\n\n\n<div style=\"background-color:#eeeeee\" class=\"wp-block-comment-content has-background\"><p>Bonne<\/p>\n<\/div>\n\n<div class=\"wp-block-comment-reply-link has-small-font-size\"><a rel=\"nofollow\" class=\"comment-reply-link\" href=\"#comment-11373\" data-commentid=\"11373\" data-postid=\"7215\" data-belowelement=\"comment-11373\" data-respondelement=\"respond\" data-replyto=\"R\u00e9pondre \u00e0 Marc Ricard\" aria-label=\"R\u00e9pondre \u00e0 Marc Ricard\">Reply<\/a><\/div><\/div>\n<\/div>\n\n<\/li><li id=\"comment-11377\" class=\"comment odd alt thread-odd thread-alt depth-1\">\n\n<div class=\"wp-block-columns is-layout-flex wp-container-core-columns-is-layout-8f761849 wp-block-columns-is-layout-flex\">\n<div class=\"wp-block-column is-layout-flow wp-block-column-is-layout-flow\" style=\"flex-basis:40px\"><div class=\"wp-block-avatar\">  <\/div><\/div>\n\n\n\n<div class=\"wp-block-column is-layout-flow wp-block-column-is-layout-flow\"><div class=\"wp-block-comment-author-name has-small-font-size\">Fadou<\/div>\n\n\n<div class=\"wp-block-group is-layout-flex wp-block-group-is-layout-flex\" style=\"margin-top:0px;margin-bottom:0px\"><div class=\"wp-block-comment-date has-small-font-size\"><time datetime=\"2026-05-25T10:22:56-04:00\"><a href=\"https:\/\/blog.legeropinion.com\/fr\/nouvelles\/mois-santementale\/#comment-11377\">25 mai 2026<\/a><\/time><\/div>\n\n<\/div>\n\n\n<div style=\"background-color:#eeeeee\" class=\"wp-block-comment-content has-background\"><p>\u00c7a va bien il faut toujours rester positive<\/p>\n<\/div>\n\n<div class=\"wp-block-comment-reply-link has-small-font-size\"><a rel=\"nofollow\" class=\"comment-reply-link\" href=\"#comment-11377\" data-commentid=\"11377\" data-postid=\"7215\" data-belowelement=\"comment-11377\" data-respondelement=\"respond\" data-replyto=\"R\u00e9pondre \u00e0 Fadou\" aria-label=\"R\u00e9pondre \u00e0 Fadou\">Reply<\/a><\/div><\/div>\n<\/div>\n\n<\/li><li id=\"comment-11406\" class=\"comment even thread-even depth-1\">\n\n<div class=\"wp-block-columns is-layout-flex wp-container-core-columns-is-layout-8f761849 wp-block-columns-is-layout-flex\">\n<div class=\"wp-block-column is-layout-flow wp-block-column-is-layout-flow\" style=\"flex-basis:40px\"><div class=\"wp-block-avatar\">  <\/div><\/div>\n\n\n\n<div class=\"wp-block-column is-layout-flow wp-block-column-is-layout-flow\"><div class=\"wp-block-comment-author-name has-small-font-size\">Denis<\/div>\n\n\n<div class=\"wp-block-group is-layout-flex wp-block-group-is-layout-flex\" style=\"margin-top:0px;margin-bottom:0px\"><div class=\"wp-block-comment-date has-small-font-size\"><time datetime=\"2026-05-25T19:26:46-04:00\"><a href=\"https:\/\/blog.legeropinion.com\/fr\/nouvelles\/mois-santementale\/#comment-11406\">25 mai 2026<\/a><\/time><\/div>\n\n<\/div>\n\n\n<div style=\"background-color:#eeeeee\" class=\"wp-block-comment-content has-background\"><p>\u00c7a va bien<\/p>\n<\/div>\n\n<div class=\"wp-block-comment-reply-link has-small-font-size\"><a rel=\"nofollow\" class=\"comment-reply-link\" href=\"#comment-11406\" data-commentid=\"11406\" data-postid=\"7215\" data-belowelement=\"comment-11406\" data-respondelement=\"respond\" data-replyto=\"R\u00e9pondre \u00e0 Denis\" aria-label=\"R\u00e9pondre \u00e0 Denis\">Reply<\/a><\/div><\/div>\n<\/div>\n\n<\/li><li id=\"comment-11419\" class=\"comment odd alt thread-odd thread-alt depth-1\">\n\n<div class=\"wp-block-columns is-layout-flex wp-container-core-columns-is-layout-8f761849 wp-block-columns-is-layout-flex\">\n<div class=\"wp-block-column is-layout-flow wp-block-column-is-layout-flow\" style=\"flex-basis:40px\"><div class=\"wp-block-avatar\">  <\/div><\/div>\n\n\n\n<div class=\"wp-block-column is-layout-flow wp-block-column-is-layout-flow\"><div class=\"wp-block-comment-author-name has-small-font-size\">Guyllaume Power<\/div>\n\n\n<div class=\"wp-block-group is-layout-flex wp-block-group-is-layout-flex\" style=\"margin-top:0px;margin-bottom:0px\"><div class=\"wp-block-comment-date has-small-font-size\"><time datetime=\"2026-05-26T21:32:14-04:00\"><a href=\"https:\/\/blog.legeropinion.com\/fr\/nouvelles\/mois-santementale\/#comment-11419\">26 mai 2026<\/a><\/time><\/div>\n\n<\/div>\n\n\n<div style=\"background-color:#eeeeee\" class=\"wp-block-comment-content has-background\"><p>Bonne santer<\/p>\n<\/div>\n\n<div class=\"wp-block-comment-reply-link has-small-font-size\"><a rel=\"nofollow\" class=\"comment-reply-link\" href=\"#comment-11419\" data-commentid=\"11419\" data-postid=\"7215\" data-belowelement=\"comment-11419\" data-respondelement=\"respond\" data-replyto=\"R\u00e9pondre \u00e0 Guyllaume Power\" aria-label=\"R\u00e9pondre \u00e0 Guyllaume Power\">Reply<\/a><\/div><\/div>\n<\/div>\n\n<\/li><li id=\"comment-11425\" class=\"comment even thread-even depth-1\">\n\n<div class=\"wp-block-columns is-layout-flex wp-container-core-columns-is-layout-8f761849 wp-block-columns-is-layout-flex\">\n<div class=\"wp-block-column is-layout-flow wp-block-column-is-layout-flow\" style=\"flex-basis:40px\"><div class=\"wp-block-avatar\">  <\/div><\/div>\n\n\n\n<div class=\"wp-block-column is-layout-flow wp-block-column-is-layout-flow\"><div class=\"wp-block-comment-author-name has-small-font-size\">Val\u00e9rie M<\/div>\n\n\n<div class=\"wp-block-group is-layout-flex wp-block-group-is-layout-flex\" style=\"margin-top:0px;margin-bottom:0px\"><div class=\"wp-block-comment-date has-small-font-size\"><time datetime=\"2026-05-27T12:36:04-04:00\"><a href=\"https:\/\/blog.legeropinion.com\/fr\/nouvelles\/mois-santementale\/#comment-11425\">27 mai 2026<\/a><\/time><\/div>\n\n<\/div>\n\n\n<div style=\"background-color:#eeeeee\" class=\"wp-block-comment-content has-background\"><p>Ma sant\u00e9 mentale a toujours \u00e9t\u00e9 belle-bonne lorsque j&rsquo;habitais en r\u00e9gion (30 ans), mais depuis que je suis r\u00e9sidente de Montr\u00e9al (7 ans) je dirais que c&rsquo;est un challenge.<br \/>\nPlus de prudence, de rencontre avec des sph\u00e8res et cultures diff\u00e9rentes.<br \/>\nBeaucoup d&rsquo;adaptation parce que nous sommes 2 millions.<\/p>\n<\/div>\n\n<div class=\"wp-block-comment-reply-link has-small-font-size\"><a rel=\"nofollow\" class=\"comment-reply-link\" href=\"#comment-11425\" data-commentid=\"11425\" data-postid=\"7215\" data-belowelement=\"comment-11425\" data-respondelement=\"respond\" data-replyto=\"R\u00e9pondre \u00e0 Val\u00e9rie M\" aria-label=\"R\u00e9pondre \u00e0 Val\u00e9rie M\">Reply<\/a><\/div><\/div>\n<\/div>\n\n<\/li><li id=\"comment-11426\" class=\"comment odd alt thread-odd thread-alt depth-1\">\n\n<div class=\"wp-block-columns is-layout-flex wp-container-core-columns-is-layout-8f761849 wp-block-columns-is-layout-flex\">\n<div class=\"wp-block-column is-layout-flow wp-block-column-is-layout-flow\" style=\"flex-basis:40px\"><div class=\"wp-block-avatar\">  <\/div><\/div>\n\n\n\n<div class=\"wp-block-column is-layout-flow wp-block-column-is-layout-flow\"><div class=\"wp-block-comment-author-name has-small-font-size\">Nehemie<\/div>\n\n\n<div class=\"wp-block-group is-layout-flex wp-block-group-is-layout-flex\" style=\"margin-top:0px;margin-bottom:0px\"><div class=\"wp-block-comment-date has-small-font-size\"><time datetime=\"2026-05-27T14:04:28-04:00\"><a href=\"https:\/\/blog.legeropinion.com\/fr\/nouvelles\/mois-santementale\/#comment-11426\">27 mai 2026<\/a><\/time><\/div>\n\n<\/div>\n\n\n<div style=\"background-color:#eeeeee\" class=\"wp-block-comment-content has-background\"><p>Prendre soin de soi est la clef et garder sa positivit\u00e9<\/p>\n<\/div>\n\n<div class=\"wp-block-comment-reply-link has-small-font-size\"><a rel=\"nofollow\" class=\"comment-reply-link\" href=\"#comment-11426\" data-commentid=\"11426\" data-postid=\"7215\" data-belowelement=\"comment-11426\" data-respondelement=\"respond\" data-replyto=\"R\u00e9pondre \u00e0 Nehemie\" aria-label=\"R\u00e9pondre \u00e0 Nehemie\">Reply<\/a><\/div><\/div>\n<\/div>\n\n<\/li><li id=\"comment-11427\" class=\"comment even thread-even depth-1\">\n\n<div class=\"wp-block-columns is-layout-flex wp-container-core-columns-is-layout-8f761849 wp-block-columns-is-layout-flex\">\n<div class=\"wp-block-column is-layout-flow wp-block-column-is-layout-flow\" style=\"flex-basis:40px\"><div class=\"wp-block-avatar\">  <\/div><\/div>\n\n\n\n<div class=\"wp-block-column is-layout-flow wp-block-column-is-layout-flow\"><div class=\"wp-block-comment-author-name has-small-font-size\">Olivier<\/div>\n\n\n<div class=\"wp-block-group is-layout-flex wp-block-group-is-layout-flex\" style=\"margin-top:0px;margin-bottom:0px\"><div class=\"wp-block-comment-date has-small-font-size\"><time datetime=\"2026-05-27T16:01:13-04:00\"><a href=\"https:\/\/blog.legeropinion.com\/fr\/nouvelles\/mois-santementale\/#comment-11427\">27 mai 2026<\/a><\/time><\/div>\n\n<\/div>\n\n\n<div style=\"background-color:#eeeeee\" class=\"wp-block-comment-content has-background\"><p>Je trouve int\u00e9ressant que vous faites un journal sur la sant\u00e9 mentale<\/p>\n<\/div>\n\n<div class=\"wp-block-comment-reply-link has-small-font-size\"><a rel=\"nofollow\" class=\"comment-reply-link\" href=\"#comment-11427\" data-commentid=\"11427\" data-postid=\"7215\" data-belowelement=\"comment-11427\" data-respondelement=\"respond\" data-replyto=\"R\u00e9pondre \u00e0 Olivier\" aria-label=\"R\u00e9pondre \u00e0 Olivier\">Reply<\/a><\/div><\/div>\n<\/div>\n\n<\/li><li id=\"comment-11428\" class=\"comment odd alt thread-odd thread-alt depth-1\">\n\n<div class=\"wp-block-columns is-layout-flex wp-container-core-columns-is-layout-8f761849 wp-block-columns-is-layout-flex\">\n<div class=\"wp-block-column is-layout-flow wp-block-column-is-layout-flow\" style=\"flex-basis:40px\"><div class=\"wp-block-avatar\">  <\/div><\/div>\n\n\n\n<div class=\"wp-block-column is-layout-flow wp-block-column-is-layout-flow\"><div class=\"wp-block-comment-author-name has-small-font-size\">Patrice Fortin<\/div>\n\n\n<div class=\"wp-block-group is-layout-flex wp-block-group-is-layout-flex\" style=\"margin-top:0px;margin-bottom:0px\"><div class=\"wp-block-comment-date has-small-font-size\"><time datetime=\"2026-05-27T22:10:56-04:00\"><a href=\"https:\/\/blog.legeropinion.com\/fr\/nouvelles\/mois-santementale\/#comment-11428\">27 mai 2026<\/a><\/time><\/div>\n\n<\/div>\n\n\n<div style=\"background-color:#eeeeee\" class=\"wp-block-comment-content has-background\"><p>Ma sant\u00e9 mentale est tr\u00e8s fragile<\/p>\n<\/div>\n\n<div class=\"wp-block-comment-reply-link has-small-font-size\"><a rel=\"nofollow\" class=\"comment-reply-link\" href=\"#comment-11428\" data-commentid=\"11428\" data-postid=\"7215\" data-belowelement=\"comment-11428\" data-respondelement=\"respond\" data-replyto=\"R\u00e9pondre \u00e0 Patrice Fortin\" aria-label=\"R\u00e9pondre \u00e0 Patrice Fortin\">Reply<\/a><\/div><\/div>\n<\/div>\n\n<\/li><li id=\"comment-11445\" class=\"comment even thread-even depth-1\">\n\n<div class=\"wp-block-columns is-layout-flex wp-container-core-columns-is-layout-8f761849 wp-block-columns-is-layout-flex\">\n<div class=\"wp-block-column is-layout-flow wp-block-column-is-layout-flow\" style=\"flex-basis:40px\"><div class=\"wp-block-avatar\">  <\/div><\/div>\n\n\n\n<div class=\"wp-block-column is-layout-flow wp-block-column-is-layout-flow\"><div class=\"wp-block-comment-author-name has-small-font-size\">Nathalie Grimard<\/div>\n\n\n<div class=\"wp-block-group is-layout-flex wp-block-group-is-layout-flex\" style=\"margin-top:0px;margin-bottom:0px\"><div class=\"wp-block-comment-date has-small-font-size\"><time datetime=\"2026-05-28T08:02:44-04:00\"><a href=\"https:\/\/blog.legeropinion.com\/fr\/nouvelles\/mois-santementale\/#comment-11445\">28 mai 2026<\/a><\/time><\/div>\n\n<\/div>\n\n\n<div style=\"background-color:#eeeeee\" class=\"wp-block-comment-content has-background\"><p>Je la considere bonne.<\/p>\n<\/div>\n\n<div class=\"wp-block-comment-reply-link has-small-font-size\"><a rel=\"nofollow\" class=\"comment-reply-link\" href=\"#comment-11445\" data-commentid=\"11445\" data-postid=\"7215\" data-belowelement=\"comment-11445\" data-respondelement=\"respond\" data-replyto=\"R\u00e9pondre \u00e0 Nathalie Grimard\" aria-label=\"R\u00e9pondre \u00e0 Nathalie Grimard\">Reply<\/a><\/div><\/div>\n<\/div>\n\n<\/li><li id=\"comment-11448\" class=\"comment odd alt thread-odd thread-alt depth-1\">\n\n<div class=\"wp-block-columns is-layout-flex wp-container-core-columns-is-layout-8f761849 wp-block-columns-is-layout-flex\">\n<div class=\"wp-block-column is-layout-flow wp-block-column-is-layout-flow\" style=\"flex-basis:40px\"><div class=\"wp-block-avatar\">  <\/div><\/div>\n\n\n\n<div class=\"wp-block-column is-layout-flow wp-block-column-is-layout-flow\"><div class=\"wp-block-comment-author-name has-small-font-size\">Maude<\/div>\n\n\n<div class=\"wp-block-group is-layout-flex wp-block-group-is-layout-flex\" style=\"margin-top:0px;margin-bottom:0px\"><div class=\"wp-block-comment-date has-small-font-size\"><time datetime=\"2026-05-28T09:57:29-04:00\"><a href=\"https:\/\/blog.legeropinion.com\/fr\/nouvelles\/mois-santementale\/#comment-11448\">28 mai 2026<\/a><\/time><\/div>\n\n<\/div>\n\n\n<div style=\"background-color:#eeeeee\" class=\"wp-block-comment-content has-background\"><p>Je dirais que ma sant\u00e9 mentale est globalement bonne. Comme tout le monde, je traverse des p\u00e9riodes de stress ou de fatigue li\u00e9es aux responsabilit\u00e9s quotidiennes et aux transitions de la vie, mais je r\u00e9ussis \u00e0 garder un bon \u00e9quilibre g\u00e9n\u00e9ral et \u00e0 rester positive face \u00e0 l&rsquo;avenir.<\/p>\n<\/div>\n\n<div class=\"wp-block-comment-reply-link has-small-font-size\"><a rel=\"nofollow\" class=\"comment-reply-link\" href=\"#comment-11448\" data-commentid=\"11448\" data-postid=\"7215\" data-belowelement=\"comment-11448\" data-respondelement=\"respond\" data-replyto=\"R\u00e9pondre \u00e0 Maude\" aria-label=\"R\u00e9pondre \u00e0 Maude\">Reply<\/a><\/div><\/div>\n<\/div>\n\n<\/li><li id=\"comment-11451\" class=\"comment even thread-even depth-1\">\n\n<div class=\"wp-block-columns is-layout-flex wp-container-core-columns-is-layout-8f761849 wp-block-columns-is-layout-flex\">\n<div class=\"wp-block-column is-layout-flow wp-block-column-is-layout-flow\" style=\"flex-basis:40px\"><div class=\"wp-block-avatar\">  <\/div><\/div>\n\n\n\n<div class=\"wp-block-column is-layout-flow wp-block-column-is-layout-flow\"><div class=\"wp-block-comment-author-name has-small-font-size\">Hamida Aissaoui<\/div>\n\n\n<div class=\"wp-block-group is-layout-flex wp-block-group-is-layout-flex\" style=\"margin-top:0px;margin-bottom:0px\"><div class=\"wp-block-comment-date has-small-font-size\"><time datetime=\"2026-05-28T16:44:17-04:00\"><a href=\"https:\/\/blog.legeropinion.com\/fr\/nouvelles\/mois-santementale\/#comment-11451\">28 mai 2026<\/a><\/time><\/div>\n\n<\/div>\n\n\n<div style=\"background-color:#eeeeee\" class=\"wp-block-comment-content has-background\"><p>\u00c7a  va bien sauf les moments o\u00f9 certaines mauvaises nouvelles  arrivent.<\/p>\n<\/div>\n\n<div class=\"wp-block-comment-reply-link has-small-font-size\"><a rel=\"nofollow\" class=\"comment-reply-link\" href=\"#comment-11451\" data-commentid=\"11451\" data-postid=\"7215\" data-belowelement=\"comment-11451\" data-respondelement=\"respond\" data-replyto=\"R\u00e9pondre \u00e0 Hamida Aissaoui\" aria-label=\"R\u00e9pondre \u00e0 Hamida Aissaoui\">Reply<\/a><\/div><\/div>\n<\/div>\n\n<\/li><li id=\"comment-11455\" class=\"comment odd alt thread-odd thread-alt depth-1\">\n\n<div class=\"wp-block-columns is-layout-flex wp-container-core-columns-is-layout-8f761849 wp-block-columns-is-layout-flex\">\n<div class=\"wp-block-column is-layout-flow wp-block-column-is-layout-flow\" style=\"flex-basis:40px\"><div class=\"wp-block-avatar\">  <\/div><\/div>\n\n\n\n<div class=\"wp-block-column is-layout-flow wp-block-column-is-layout-flow\"><div class=\"wp-block-comment-author-name has-small-font-size\">Luce<\/div>\n\n\n<div class=\"wp-block-group is-layout-flex wp-block-group-is-layout-flex\" style=\"margin-top:0px;margin-bottom:0px\"><div class=\"wp-block-comment-date has-small-font-size\"><time datetime=\"2026-05-29T11:59:24-04:00\"><a href=\"https:\/\/blog.legeropinion.com\/fr\/nouvelles\/mois-santementale\/#comment-11455\">29 mai 2026<\/a><\/time><\/div>\n\n<\/div>\n\n\n<div style=\"background-color:#eeeeee\" class=\"wp-block-comment-content has-background\"><p>Globalement bonne. Certains jours sont plus difficiles. Je reste positive.<\/p>\n<\/div>\n\n<div class=\"wp-block-comment-reply-link has-small-font-size\"><a rel=\"nofollow\" class=\"comment-reply-link\" href=\"#comment-11455\" data-commentid=\"11455\" data-postid=\"7215\" data-belowelement=\"comment-11455\" data-respondelement=\"respond\" data-replyto=\"R\u00e9pondre \u00e0 Luce\" aria-label=\"R\u00e9pondre \u00e0 Luce\">Reply<\/a><\/div><\/div>\n<\/div>\n\n<\/li><li id=\"comment-11470\" class=\"comment even thread-even depth-1\">\n\n<div class=\"wp-block-columns is-layout-flex wp-container-core-columns-is-layout-8f761849 wp-block-columns-is-layout-flex\">\n<div class=\"wp-block-column is-layout-flow wp-block-column-is-layout-flow\" style=\"flex-basis:40px\"><div class=\"wp-block-avatar\">  <\/div><\/div>\n\n\n\n<div class=\"wp-block-column is-layout-flow wp-block-column-is-layout-flow\"><div class=\"wp-block-comment-author-name has-small-font-size\">LUCIEN-MARIE GAGNON<\/div>\n\n\n<div class=\"wp-block-group is-layout-flex wp-block-group-is-layout-flex\" style=\"margin-top:0px;margin-bottom:0px\"><div class=\"wp-block-comment-date has-small-font-size\"><time datetime=\"2026-05-31T13:35:32-04:00\"><a href=\"https:\/\/blog.legeropinion.com\/fr\/nouvelles\/mois-santementale\/#comment-11470\">31 mai 2026<\/a><\/time><\/div>\n\n<\/div>\n\n\n<div style=\"background-color:#eeeeee\" class=\"wp-block-comment-content has-background\"><p>Pour ma part \u00e7a va pas tr\u00e8s bien depuis plusieurs ann\u00e9es, s\u00e9paration extr\u00eamement difficiles, lors de ma 1 \u00e8re s\u00e9paration j ai tent\u00e9 de me suicider, et maintenant je vie une 2e s\u00e9paration avec la m\u00eame femme que j aime de tout mon coeur ,et je perd tout en m\u00eame temps, ma famille, ma maison, donc c est extr\u00eamement difficiles<\/p>\n<\/div>\n\n<div class=\"wp-block-comment-reply-link has-small-font-size\"><a rel=\"nofollow\" class=\"comment-reply-link\" href=\"#comment-11470\" data-commentid=\"11470\" data-postid=\"7215\" data-belowelement=\"comment-11470\" data-respondelement=\"respond\" data-replyto=\"R\u00e9pondre \u00e0 LUCIEN-MARIE GAGNON\" aria-label=\"R\u00e9pondre \u00e0 LUCIEN-MARIE GAGNON\">Reply<\/a><\/div><\/div>\n<\/div>\n\n<\/li><li id=\"comment-11640\" class=\"comment odd alt thread-odd thread-alt depth-1\">\n\n<div class=\"wp-block-columns is-layout-flex wp-container-core-columns-is-layout-8f761849 wp-block-columns-is-layout-flex\">\n<div class=\"wp-block-column is-layout-flow wp-block-column-is-layout-flow\" style=\"flex-basis:40px\"><div class=\"wp-block-avatar\">  <\/div><\/div>\n\n\n\n<div class=\"wp-block-column is-layout-flow wp-block-column-is-layout-flow\"><div class=\"wp-block-comment-author-name has-small-font-size\">M\u00e9lanie Lagac\u00e9<\/div>\n\n\n<div class=\"wp-block-group is-layout-flex wp-block-group-is-layout-flex\" style=\"margin-top:0px;margin-bottom:0px\"><div class=\"wp-block-comment-date has-small-font-size\"><time datetime=\"2026-06-15T02:24:24-04:00\"><a href=\"https:\/\/blog.legeropinion.com\/fr\/nouvelles\/mois-santementale\/#comment-11640\">15 juin 2026<\/a><\/time><\/div>\n\n<\/div>\n\n\n<div style=\"background-color:#eeeeee\" class=\"wp-block-comment-content has-background\"><p>Ma sant\u00e9 mentale va bien. La vie est parfois compliqu\u00e9e. Il faut \u00eatre positif. Dites vous que chaque probl\u00e8me a sa solution. Quelques fois, la solution tarde \u00e0 venir mais d&rsquo;autres fois elle arrive spontan\u00e9ment.<\/p>\n<\/div>\n\n<div class=\"wp-block-comment-reply-link has-small-font-size\"><a rel=\"nofollow\" class=\"comment-reply-link\" href=\"#comment-11640\" data-commentid=\"11640\" data-postid=\"7215\" data-belowelement=\"comment-11640\" data-respondelement=\"respond\" data-replyto=\"R\u00e9pondre \u00e0 M\u00e9lanie Lagac\u00e9\" aria-label=\"R\u00e9pondre \u00e0 M\u00e9lanie Lagac\u00e9\">Reply<\/a><\/div><\/div>\n<\/div>\n\n<\/li><li id=\"comment-11662\" class=\"comment even thread-even depth-1\">\n\n<div class=\"wp-block-columns is-layout-flex wp-container-core-columns-is-layout-8f761849 wp-block-columns-is-layout-flex\">\n<div class=\"wp-block-column is-layout-flow wp-block-column-is-layout-flow\" style=\"flex-basis:40px\"><div class=\"wp-block-avatar\">  <\/div><\/div>\n\n\n\n<div class=\"wp-block-column is-layout-flow wp-block-column-is-layout-flow\"><div class=\"wp-block-comment-author-name has-small-font-size\">Aline Lavergne<\/div>\n\n\n<div class=\"wp-block-group is-layout-flex wp-block-group-is-layout-flex\" style=\"margin-top:0px;margin-bottom:0px\"><div class=\"wp-block-comment-date has-small-font-size\"><time datetime=\"2026-06-17T20:11:35-04:00\"><a href=\"https:\/\/blog.legeropinion.com\/fr\/nouvelles\/mois-santementale\/#comment-11662\">17 juin 2026<\/a><\/time><\/div>\n\n<\/div>\n\n\n<div style=\"background-color:#eeeeee\" class=\"wp-block-comment-content has-background\"><p>Ma sant\u00e9 mentale va tr\u00e8s bien.Ce qui n&rsquo;\u00e9tait pas le cas de \u00e7a il y a plusieurs ann\u00e9es.Je suis bipolaire et jarretais toujours ma m\u00e9dication jusqu&rsquo;au jour o\u00f9 je me suis dit \u00e7a va faire prend toi en main accepte ta maladie et prend ta m\u00e9dication.Ce que j&rsquo;ai fait et depuis ce jour je n&rsquo;ai plus fait de rechute<\/p>\n<\/div>\n\n<div class=\"wp-block-comment-reply-link has-small-font-size\"><a rel=\"nofollow\" class=\"comment-reply-link\" href=\"#comment-11662\" data-commentid=\"11662\" data-postid=\"7215\" data-belowelement=\"comment-11662\" data-respondelement=\"respond\" data-replyto=\"R\u00e9pondre \u00e0 Aline Lavergne\" aria-label=\"R\u00e9pondre \u00e0 Aline Lavergne\">Reply<\/a><\/div><\/div>\n<\/div>\n\n<\/li><li id=\"comment-11824\" class=\"comment odd alt thread-odd thread-alt depth-1\">\n\n<div class=\"wp-block-columns is-layout-flex wp-container-core-columns-is-layout-8f761849 wp-block-columns-is-layout-flex\">\n<div class=\"wp-block-column is-layout-flow wp-block-column-is-layout-flow\" style=\"flex-basis:40px\"><div class=\"wp-block-avatar\">  <\/div><\/div>\n\n\n\n<div class=\"wp-block-column is-layout-flow wp-block-column-is-layout-flow\"><div class=\"wp-block-comment-author-name has-small-font-size\">Christine<\/div>\n\n\n<div class=\"wp-block-group is-layout-flex wp-block-group-is-layout-flex\" style=\"margin-top:0px;margin-bottom:0px\"><div class=\"wp-block-comment-date has-small-font-size\"><time datetime=\"2026-07-05T14:43:09-04:00\"><a href=\"https:\/\/blog.legeropinion.com\/fr\/nouvelles\/mois-santementale\/#comment-11824\">5 juillet 2026<\/a><\/time><\/div>\n\n<\/div>\n\n\n<div style=\"background-color:#eeeeee\" class=\"wp-block-comment-content has-background\"><p>Je me sens super bien, ma t\u00eate fonctionne bien, je n\u2019ai que des c\u00f4t\u00e9s positifs de la vie malgr\u00e9 mes 67 ans<\/p>\n<\/div>\n\n<div class=\"wp-block-comment-reply-link has-small-font-size\"><a rel=\"nofollow\" class=\"comment-reply-link\" href=\"#comment-11824\" data-commentid=\"11824\" data-postid=\"7215\" data-belowelement=\"comment-11824\" data-respondelement=\"respond\" data-replyto=\"R\u00e9pondre \u00e0 Christine\" aria-label=\"R\u00e9pondre \u00e0 Christine\">Reply<\/a><\/div><\/div>\n<\/div>\n\n<\/li><li id=\"comment-12189\" class=\"comment even thread-even depth-1\">\n\n<div class=\"wp-block-columns is-layout-flex wp-container-core-columns-is-layout-8f761849 wp-block-columns-is-layout-flex\">\n<div class=\"wp-block-column is-layout-flow wp-block-column-is-layout-flow\" style=\"flex-basis:40px\"><div class=\"wp-block-avatar\">  <\/div><\/div>\n\n\n\n<div class=\"wp-block-column is-layout-flow wp-block-column-is-layout-flow\"><div class=\"wp-block-comment-author-name has-small-font-size\">Chantal Nault<\/div>\n\n\n<div class=\"wp-block-group is-layout-flex wp-block-group-is-layout-flex\" style=\"margin-top:0px;margin-bottom:0px\"><div class=\"wp-block-comment-date has-small-font-size\"><time datetime=\"2026-08-09T11:41:40-04:00\"><a href=\"https:\/\/blog.legeropinion.com\/fr\/nouvelles\/mois-santementale\/#comment-12189\">9 ao\u00fbt 2026<\/a><\/time><\/div>\n\n<\/div>\n\n\n<div style=\"background-color:#eeeeee\" class=\"wp-block-comment-content has-background\"><p>Sant\u00e9 mentale \ud83d\ude14\ud83e\udd26\ud83c\udffc\u200d\u2640\ufe0f<br \/>\nPour moi j\u2019ai une tr\u00e8s bonne r\u00e9silience dans la. Vie \ud83d\ude09<\/p>\n<p>Je trouve que aujourd\u2019hui la sant\u00e9 mentale du monde est beaucoup malade \ud83e\udd7a<br \/>\nParfois je me demande m\u00eame<br \/>\nQue vas t\u2019il ce passer c\u2019est incroyable ! Il va arriver quelques choses dans le monde \ud83d\ude35\u200d\ud83d\udcab\ud83e\udd7a\ud83e\udd26\ud83c\udffc\u200d\u2640\ufe0f<\/p>\n<p>Exemple : il y en a qui aiment leur famille mais ils les tu \ud83d\ude22<br \/>\nDans le temps on ce s\u00e9parait pas \ud83e\udd14c\u2019\u00e9tait comme cela<br \/>\nApr\u00e8s quelques ann\u00e9es tout le monde divor\u00e7ait ! C\u2019\u00e9tait une vague\ud83d\ude0f<br \/>\nEt aujourd\u2019hui ils tue !!! \ud83e\udd26\ud83c\udffc\u200d\u2640\ufe0f\ud83d\ude1e il y en a qui<br \/>\nLe monde est malade<br \/>\nSant\u00e9 mentale beaucoup trop non gu\u00e9ri \ud83d\ude1e<br \/>\nBonne journ\u00e9e \u00e0 tous<\/p>\n<\/div>\n\n<div class=\"wp-block-comment-reply-link has-small-font-size\"><a rel=\"nofollow\" class=\"comment-reply-link\" href=\"#comment-12189\" data-commentid=\"12189\" data-postid=\"7215\" data-belowelement=\"comment-12189\" data-respondelement=\"respond\" data-replyto=\"R\u00e9pondre \u00e0 Chantal Nault\" aria-label=\"R\u00e9pondre \u00e0 Chantal Nault\">Reply<\/a><\/div><\/div>\n<\/div>\n\n<\/li><\/ol>\n\n\n\n\t<div id=\"respond\" class=\"comment-respond wp-block-post-comments-form\">\n\t\t<h3 id=\"reply-title\" class=\"comment-reply-title\">Laisser un commentaire <small><a rel=\"nofollow\" id=\"cancel-comment-reply-link\" href=\"\/fr\/wp-json\/wp\/v2\/posts\/7215#respond\" style=\"display:none;\">Annuler la r\u00e9ponse<\/a><\/small><\/h3><form action=\"https:\/\/blog.legeropinion.com\/wp-comments-post.php?wpe-comment-post=le0blog\" method=\"post\" id=\"commentform\" class=\"comment-form\"><p class=\"comment-notes\"><span id=\"email-notes\">Votre adresse e-mail ne sera pas publi\u00e9e.<\/span> <span class=\"required-field-message\">Les champs obligatoires sont indiqu\u00e9s avec <span class=\"required\">*<\/span><\/span><\/p><p class=\"comment-form-comment\"><label for=\"comment\">Commentaire <span class=\"required\">*<\/span><\/label> <textarea id=\"comment\" name=\"comment\" cols=\"45\" rows=\"8\" maxlength=\"65525\" required><\/textarea><\/p><input name=\"wpml_language_code\" type=\"hidden\" value=\"fr\" \/><p class=\"comment-form-author\"><label for=\"author\">Nom <span class=\"required\">*<\/span><\/label> <input id=\"author\" name=\"author\" type=\"text\" value=\"\" size=\"30\" maxlength=\"245\" autocomplete=\"name\" required \/><\/p>\n<p class=\"comment-form-email\"><label for=\"email\">E-mail <span class=\"required\">*<\/span><\/label> <input id=\"email\" name=\"email\" type=\"email\" value=\"\" size=\"30\" maxlength=\"100\" aria-describedby=\"email-notes\" autocomplete=\"email\" required \/><\/p>\n<p class=\"comment-form-url\"><label for=\"url\">Site web<\/label> <input id=\"url\" name=\"url\" type=\"url\" value=\"\" size=\"30\" maxlength=\"200\" autocomplete=\"url\" \/><\/p>\n<p class=\"form-submit\"><input name=\"submit\" type=\"submit\" id=\"submit\" class=\"submit\" value=\"Laisser un commentaire\" \/> <input type='hidden' name='comment_post_ID' value='7215' id='comment_post_ID' \/>\n<input type='hidden' name='comment_parent' id='comment_parent' value='0' \/>\n<\/p><p style=\"display: none !important;\" class=\"akismet-fields-container\" data-prefix=\"ak_\"><label>&#916;<textarea name=\"ak_hp_textarea\" cols=\"45\" rows=\"8\" maxlength=\"100\"><\/textarea><\/label><input type=\"hidden\" id=\"ak_js_1\" name=\"ak_js\" value=\"64\"\/><script>\ndocument.getElementById( \"ak_js_1\" ).setAttribute( \"value\", ( new Date() ).getTime() );\n<\/script>\n<\/p><\/form>\t<\/div><!-- #respond -->\n\t<\/div>\n<div class=\"fb-background-color\">\n\t\t\t  <div \n\t\t\t  \tclass = \"fb-comments\" \n\t\t\t  \tdata-href = \"https:\/\/blog.legeropinion.com\/fr\/nouvelles\/mois-santementale\/\"\n\t\t\t  \tdata-numposts = \"10\"\n\t\t\t  \tdata-lazy = \"true\"\n\t\t\t\tdata-colorscheme = \"light\"\n\t\t\t\tdata-order-by = \"reverse_time\"\n\t\t\t\tdata-mobile=true>\n\t\t\t  <\/div><\/div>\n\t\t  <style>\n\t\t    .fb-background-color {\n\t\t\t\tbackground: #ffffff !important;\n\t\t\t}\n\t\t\t.fb_iframe_widget_fluid_desktop iframe {\n\t\t\t    width: 100% !important;\n\t\t\t}\n\t\t  <\/style>\n\t\t  ","protected":false},"excerpt":{"rendered":"<p>La sant\u00e9 mentale des Canadien\u2022nes&nbsp;: ce que r\u00e9v\u00e8lent les donn\u00e9es 2026 Mai marque le Mois de la sensibilisation \u00e0 la sant\u00e9 mentale, une belle occasion de prendre un moment pour penser \u00e0 notre bien-\u00eatre et \u00e0 celui des autres.&nbsp; Dans un contexte o\u00f9 les enjeux personnels, professionnels et soci\u00e9taux occupent une place importante dans notre [&hellip;]<\/p>\n","protected":false},"author":20,"featured_media":7216,"comment_status":"open","ping_status":"open","sticky":false,"template":"","format":"standard","meta":{"_acf_changed":false,"footnotes":""},"categories":[1],"tags":[239,242,244,241,238,240,243],"class_list":["post-7215","post","type-post","status-publish","format-standard","has-post-thumbnail","hentry","category-nouvelles","tag-bien-etre-au-travail","tag-epuisement-professionnel","tag-habitudes-sante-mentale","tag-mois-de-la-sante-mentale","tag-sante-mentale-au-travail","tag-sante-mentale-canada","tag-stress-et-anxiete"],"acf":[],"yoast_head":"<!-- This site is optimized with the Yoast SEO plugin v27.9 - https:\/\/yoast.com\/product\/yoast-seo-wordpress\/ -->\n<title>Sant\u00e9 mentale au Canada - Nouvelles | L\u00e9ger Opinion<\/title>\n<meta name=\"description\" content=\"D\u00e9couvrez les donn\u00e9es r\u00e9centes et les facteurs qui influencent la sant\u00e9 mentale des Canadiens et Canadiennes\" \/>\n<meta name=\"robots\" content=\"index, follow, max-snippet:-1, max-image-preview:large, max-video-preview:-1\" \/>\n<link rel=\"canonical\" href=\"https:\/\/blog.legeropinion.com\/fr\/nouvelles\/mois-santementale\/\" \/>\n<meta property=\"og:locale\" content=\"fr_FR\" \/>\n<meta property=\"og:type\" content=\"article\" \/>\n<meta property=\"og:title\" content=\"Sant\u00e9 mentale au Canada - Nouvelles | L\u00e9ger Opinion\" \/>\n<meta property=\"og:description\" content=\"D\u00e9couvrez les donn\u00e9es r\u00e9centes et les facteurs qui influencent la sant\u00e9 mentale des Canadiens et Canadiennes\" \/>\n<meta property=\"og:url\" content=\"https:\/\/blog.legeropinion.com\/fr\/nouvelles\/mois-santementale\/\" \/>\n<meta property=\"og:site_name\" content=\"Nouvelles\" \/>\n<meta property=\"article:publisher\" content=\"https:\/\/www.facebook.com\/LegerOpinion\/\" \/>\n<meta property=\"article:published_time\" content=\"2026-05-15T16:00:00+00:00\" \/>\n<meta property=\"article:modified_time\" content=\"2026-05-25T19:19:26+00:00\" \/>\n<meta property=\"og:image\" content=\"https:\/\/blog.legeropinion.com\/wp-content\/uploads\/2026\/05\/shutterstock_2635697501-scaled.jpg\" \/>\n\t<meta property=\"og:image:width\" content=\"2560\" \/>\n\t<meta property=\"og:image:height\" content=\"1707\" \/>\n\t<meta property=\"og:image:type\" content=\"image\/jpeg\" \/>\n<meta name=\"author\" content=\"LEO\" \/>\n<meta name=\"twitter:card\" content=\"summary_large_image\" \/>\n<meta name=\"twitter:creator\" content=\"@LegerOpinion\" \/>\n<meta name=\"twitter:site\" content=\"@LegerOpinion\" \/>\n<meta name=\"twitter:label1\" content=\"Written by\" \/>\n\t<meta name=\"twitter:data1\" content=\"LEO\" \/>\n\t<meta name=\"twitter:label2\" content=\"Est. reading time\" \/>\n\t<meta name=\"twitter:data2\" content=\"4 minutes\" \/>\n<script type=\"application\/ld+json\" class=\"yoast-schema-graph\">{\"@context\":\"https:\\\/\\\/schema.org\",\"@graph\":[{\"@type\":\"Article\",\"@id\":\"https:\\\/\\\/blog.legeropinion.com\\\/fr\\\/nouvelles\\\/mois-santementale\\\/#article\",\"isPartOf\":{\"@id\":\"https:\\\/\\\/blog.legeropinion.com\\\/fr\\\/nouvelles\\\/mois-santementale\\\/\"},\"author\":{\"name\":\"LEO\",\"@id\":\"https:\\\/\\\/blog.legeropinion.com\\\/fr\\\/#\\\/schema\\\/person\\\/b2f8c6f8aad068fe4a69f0b5cadc7552\"},\"headline\":\"Sant\u00e9 mentale au Canada\",\"datePublished\":\"2026-05-15T16:00:00+00:00\",\"dateModified\":\"2026-05-25T19:19:26+00:00\",\"mainEntityOfPage\":{\"@id\":\"https:\\\/\\\/blog.legeropinion.com\\\/fr\\\/nouvelles\\\/mois-santementale\\\/\"},\"wordCount\":634,\"commentCount\":29,\"publisher\":{\"@id\":\"https:\\\/\\\/blog.legeropinion.com\\\/fr\\\/#organization\"},\"image\":{\"@id\":\"https:\\\/\\\/blog.legeropinion.com\\\/fr\\\/nouvelles\\\/mois-santementale\\\/#primaryimage\"},\"thumbnailUrl\":\"https:\\\/\\\/blog.legeropinion.com\\\/wp-content\\\/uploads\\\/2026\\\/05\\\/shutterstock_2635697501-scaled.jpg\",\"keywords\":[\"bien-\u00eatre au travail\",\"\u00e9puisement professionnel\",\"habitudes sant\u00e9 mentale\",\"mois de la sant\u00e9 mentale\",\"sant\u00e9 mentale au travail\",\"sant\u00e9 mentale Canada\",\"stress et anxi\u00e9t\u00e9\"],\"articleSection\":[\"Nouvelles\"],\"inLanguage\":\"fr-FR\",\"potentialAction\":[{\"@type\":\"CommentAction\",\"name\":\"Comment\",\"target\":[\"https:\\\/\\\/blog.legeropinion.com\\\/fr\\\/nouvelles\\\/mois-santementale\\\/#respond\"]}]},{\"@type\":\"WebPage\",\"@id\":\"https:\\\/\\\/blog.legeropinion.com\\\/fr\\\/nouvelles\\\/mois-santementale\\\/\",\"url\":\"https:\\\/\\\/blog.legeropinion.com\\\/fr\\\/nouvelles\\\/mois-santementale\\\/\",\"name\":\"Sant\u00e9 mentale au Canada - Nouvelles | L\u00e9ger Opinion\",\"isPartOf\":{\"@id\":\"https:\\\/\\\/blog.legeropinion.com\\\/fr\\\/#website\"},\"primaryImageOfPage\":{\"@id\":\"https:\\\/\\\/blog.legeropinion.com\\\/fr\\\/nouvelles\\\/mois-santementale\\\/#primaryimage\"},\"image\":{\"@id\":\"https:\\\/\\\/blog.legeropinion.com\\\/fr\\\/nouvelles\\\/mois-santementale\\\/#primaryimage\"},\"thumbnailUrl\":\"https:\\\/\\\/blog.legeropinion.com\\\/wp-content\\\/uploads\\\/2026\\\/05\\\/shutterstock_2635697501-scaled.jpg\",\"datePublished\":\"2026-05-15T16:00:00+00:00\",\"dateModified\":\"2026-05-25T19:19:26+00:00\",\"description\":\"D\u00e9couvrez les donn\u00e9es r\u00e9centes et les facteurs qui influencent la sant\u00e9 mentale des Canadiens et Canadiennes\",\"breadcrumb\":{\"@id\":\"https:\\\/\\\/blog.legeropinion.com\\\/fr\\\/nouvelles\\\/mois-santementale\\\/#breadcrumb\"},\"inLanguage\":\"fr-FR\",\"potentialAction\":[{\"@type\":\"ReadAction\",\"target\":[\"https:\\\/\\\/blog.legeropinion.com\\\/fr\\\/nouvelles\\\/mois-santementale\\\/\"]}]},{\"@type\":\"ImageObject\",\"inLanguage\":\"fr-FR\",\"@id\":\"https:\\\/\\\/blog.legeropinion.com\\\/fr\\\/nouvelles\\\/mois-santementale\\\/#primaryimage\",\"url\":\"https:\\\/\\\/blog.legeropinion.com\\\/wp-content\\\/uploads\\\/2026\\\/05\\\/shutterstock_2635697501-scaled.jpg\",\"contentUrl\":\"https:\\\/\\\/blog.legeropinion.com\\\/wp-content\\\/uploads\\\/2026\\\/05\\\/shutterstock_2635697501-scaled.jpg\",\"width\":2560,\"height\":1707},{\"@type\":\"BreadcrumbList\",\"@id\":\"https:\\\/\\\/blog.legeropinion.com\\\/fr\\\/nouvelles\\\/mois-santementale\\\/#breadcrumb\",\"itemListElement\":[{\"@type\":\"ListItem\",\"position\":1,\"name\":\"Accueil\",\"item\":\"https:\\\/\\\/blog.legeropinion.com\\\/fr\\\/\"},{\"@type\":\"ListItem\",\"position\":2,\"name\":\"Sant\u00e9 mentale au Canada\"}]},{\"@type\":\"WebSite\",\"@id\":\"https:\\\/\\\/blog.legeropinion.com\\\/fr\\\/#website\",\"url\":\"https:\\\/\\\/blog.legeropinion.com\\\/fr\\\/\",\"name\":\"Nouvelles\",\"description\":\"L\u00e9ger Opinion\",\"publisher\":{\"@id\":\"https:\\\/\\\/blog.legeropinion.com\\\/fr\\\/#organization\"},\"potentialAction\":[{\"@type\":\"SearchAction\",\"target\":{\"@type\":\"EntryPoint\",\"urlTemplate\":\"https:\\\/\\\/blog.legeropinion.com\\\/fr\\\/?s={search_term_string}\"},\"query-input\":{\"@type\":\"PropertyValueSpecification\",\"valueRequired\":true,\"valueName\":\"search_term_string\"}}],\"inLanguage\":\"fr-FR\"},{\"@type\":\"Organization\",\"@id\":\"https:\\\/\\\/blog.legeropinion.com\\\/fr\\\/#organization\",\"name\":\"Leger Opinion\",\"url\":\"https:\\\/\\\/blog.legeropinion.com\\\/fr\\\/\",\"logo\":{\"@type\":\"ImageObject\",\"inLanguage\":\"fr-FR\",\"@id\":\"https:\\\/\\\/blog.legeropinion.com\\\/fr\\\/#\\\/schema\\\/logo\\\/image\\\/\",\"url\":\"https:\\\/\\\/blog.legeropinion.com\\\/wp-content\\\/uploads\\\/2019\\\/09\\\/cover.png\",\"contentUrl\":\"https:\\\/\\\/blog.legeropinion.com\\\/wp-content\\\/uploads\\\/2019\\\/09\\\/cover.png\",\"width\":1080,\"height\":1080,\"caption\":\"Leger Opinion\"},\"image\":{\"@id\":\"https:\\\/\\\/blog.legeropinion.com\\\/fr\\\/#\\\/schema\\\/logo\\\/image\\\/\"},\"sameAs\":[\"https:\\\/\\\/www.facebook.com\\\/LegerOpinion\\\/\",\"https:\\\/\\\/x.com\\\/LegerOpinion\",\"https:\\\/\\\/instagram.com\\\/legeropinion\"]},{\"@type\":\"Person\",\"@id\":\"https:\\\/\\\/blog.legeropinion.com\\\/fr\\\/#\\\/schema\\\/person\\\/b2f8c6f8aad068fe4a69f0b5cadc7552\",\"name\":\"LEO\",\"url\":\"https:\\\/\\\/blog.legeropinion.com\\\/fr\\\/author\\\/stephanie\\\/\"}]}<\/script>\n<!-- \/ Yoast SEO plugin. -->","yoast_head_json":{"title":"Sant\u00e9 mentale au Canada - Nouvelles | L\u00e9ger Opinion","description":"D\u00e9couvrez les donn\u00e9es r\u00e9centes et les facteurs qui influencent la sant\u00e9 mentale des Canadiens et Canadiennes","robots":{"index":"index","follow":"follow","max-snippet":"max-snippet:-1","max-image-preview":"max-image-preview:large","max-video-preview":"max-video-preview:-1"},"canonical":"https:\/\/blog.legeropinion.com\/fr\/nouvelles\/mois-santementale\/","og_locale":"fr_FR","og_type":"article","og_title":"Sant\u00e9 mentale au Canada - Nouvelles | L\u00e9ger Opinion","og_description":"D\u00e9couvrez les donn\u00e9es r\u00e9centes et les facteurs qui influencent la sant\u00e9 mentale des Canadiens et Canadiennes","og_url":"https:\/\/blog.legeropinion.com\/fr\/nouvelles\/mois-santementale\/","og_site_name":"Nouvelles","article_publisher":"https:\/\/www.facebook.com\/LegerOpinion\/","article_published_time":"2026-05-15T16:00:00+00:00","article_modified_time":"2026-05-25T19:19:26+00:00","og_image":[{"width":2560,"height":1707,"url":"https:\/\/blog.legeropinion.com\/wp-content\/uploads\/2026\/05\/shutterstock_2635697501-scaled.jpg","type":"image\/jpeg"}],"author":"LEO","twitter_card":"summary_large_image","twitter_creator":"@LegerOpinion","twitter_site":"@LegerOpinion","twitter_misc":{"Written by":"LEO","Est. reading time":"4 minutes"},"schema":{"@context":"https:\/\/schema.org","@graph":[{"@type":"Article","@id":"https:\/\/blog.legeropinion.com\/fr\/nouvelles\/mois-santementale\/#article","isPartOf":{"@id":"https:\/\/blog.legeropinion.com\/fr\/nouvelles\/mois-santementale\/"},"author":{"name":"LEO","@id":"https:\/\/blog.legeropinion.com\/fr\/#\/schema\/person\/b2f8c6f8aad068fe4a69f0b5cadc7552"},"headline":"Sant\u00e9 mentale au Canada","datePublished":"2026-05-15T16:00:00+00:00","dateModified":"2026-05-25T19:19:26+00:00","mainEntityOfPage":{"@id":"https:\/\/blog.legeropinion.com\/fr\/nouvelles\/mois-santementale\/"},"wordCount":634,"commentCount":29,"publisher":{"@id":"https:\/\/blog.legeropinion.com\/fr\/#organization"},"image":{"@id":"https:\/\/blog.legeropinion.com\/fr\/nouvelles\/mois-santementale\/#primaryimage"},"thumbnailUrl":"https:\/\/blog.legeropinion.com\/wp-content\/uploads\/2026\/05\/shutterstock_2635697501-scaled.jpg","keywords":["bien-\u00eatre au travail","\u00e9puisement professionnel","habitudes sant\u00e9 mentale","mois de la sant\u00e9 mentale","sant\u00e9 mentale au travail","sant\u00e9 mentale Canada","stress et anxi\u00e9t\u00e9"],"articleSection":["Nouvelles"],"inLanguage":"fr-FR","potentialAction":[{"@type":"CommentAction","name":"Comment","target":["https:\/\/blog.legeropinion.com\/fr\/nouvelles\/mois-santementale\/#respond"]}]},{"@type":"WebPage","@id":"https:\/\/blog.legeropinion.com\/fr\/nouvelles\/mois-santementale\/","url":"https:\/\/blog.legeropinion.com\/fr\/nouvelles\/mois-santementale\/","name":"Sant\u00e9 mentale au Canada - Nouvelles | L\u00e9ger Opinion","isPartOf":{"@id":"https:\/\/blog.legeropinion.com\/fr\/#website"},"primaryImageOfPage":{"@id":"https:\/\/blog.legeropinion.com\/fr\/nouvelles\/mois-santementale\/#primaryimage"},"image":{"@id":"https:\/\/blog.legeropinion.com\/fr\/nouvelles\/mois-santementale\/#primaryimage"},"thumbnailUrl":"https:\/\/blog.legeropinion.com\/wp-content\/uploads\/2026\/05\/shutterstock_2635697501-scaled.jpg","datePublished":"2026-05-15T16:00:00+00:00","dateModified":"2026-05-25T19:19:26+00:00","description":"D\u00e9couvrez les donn\u00e9es r\u00e9centes et les facteurs qui influencent la sant\u00e9 mentale des Canadiens et Canadiennes","breadcrumb":{"@id":"https:\/\/blog.legeropinion.com\/fr\/nouvelles\/mois-santementale\/#breadcrumb"},"inLanguage":"fr-FR","potentialAction":[{"@type":"ReadAction","target":["https:\/\/blog.legeropinion.com\/fr\/nouvelles\/mois-santementale\/"]}]},{"@type":"ImageObject","inLanguage":"fr-FR","@id":"https:\/\/blog.legeropinion.com\/fr\/nouvelles\/mois-santementale\/#primaryimage","url":"https:\/\/blog.legeropinion.com\/wp-content\/uploads\/2026\/05\/shutterstock_2635697501-scaled.jpg","contentUrl":"https:\/\/blog.legeropinion.com\/wp-content\/uploads\/2026\/05\/shutterstock_2635697501-scaled.jpg","width":2560,"height":1707},{"@type":"BreadcrumbList","@id":"https:\/\/blog.legeropinion.com\/fr\/nouvelles\/mois-santementale\/#breadcrumb","itemListElement":[{"@type":"ListItem","position":1,"name":"Accueil","item":"https:\/\/blog.legeropinion.com\/fr\/"},{"@type":"ListItem","position":2,"name":"Sant\u00e9 mentale au Canada"}]},{"@type":"WebSite","@id":"https:\/\/blog.legeropinion.com\/fr\/#website","url":"https:\/\/blog.legeropinion.com\/fr\/","name":"Nouvelles","description":"L\u00e9ger Opinion","publisher":{"@id":"https:\/\/blog.legeropinion.com\/fr\/#organization"},"potentialAction":[{"@type":"SearchAction","target":{"@type":"EntryPoint","urlTemplate":"https:\/\/blog.legeropinion.com\/fr\/?s={search_term_string}"},"query-input":{"@type":"PropertyValueSpecification","valueRequired":true,"valueName":"search_term_string"}}],"inLanguage":"fr-FR"},{"@type":"Organization","@id":"https:\/\/blog.legeropinion.com\/fr\/#organization","name":"Leger Opinion","url":"https:\/\/blog.legeropinion.com\/fr\/","logo":{"@type":"ImageObject","inLanguage":"fr-FR","@id":"https:\/\/blog.legeropinion.com\/fr\/#\/schema\/logo\/image\/","url":"https:\/\/blog.legeropinion.com\/wp-content\/uploads\/2019\/09\/cover.png","contentUrl":"https:\/\/blog.legeropinion.com\/wp-content\/uploads\/2019\/09\/cover.png","width":1080,"height":1080,"caption":"Leger Opinion"},"image":{"@id":"https:\/\/blog.legeropinion.com\/fr\/#\/schema\/logo\/image\/"},"sameAs":["https:\/\/www.facebook.com\/LegerOpinion\/","https:\/\/x.com\/LegerOpinion","https:\/\/instagram.com\/legeropinion"]},{"@type":"Person","@id":"https:\/\/blog.legeropinion.com\/fr\/#\/schema\/person\/b2f8c6f8aad068fe4a69f0b5cadc7552","name":"LEO","url":"https:\/\/blog.legeropinion.com\/fr\/author\/stephanie\/"}]}},"_links":{"self":[{"href":"https:\/\/blog.legeropinion.com\/fr\/wp-json\/wp\/v2\/posts\/7215","targetHints":{"allow":["GET"]}}],"collection":[{"href":"https:\/\/blog.legeropinion.com\/fr\/wp-json\/wp\/v2\/posts"}],"about":[{"href":"https:\/\/blog.legeropinion.com\/fr\/wp-json\/wp\/v2\/types\/post"}],"author":[{"embeddable":true,"href":"https:\/\/blog.legeropinion.com\/fr\/wp-json\/wp\/v2\/users\/20"}],"replies":[{"embeddable":true,"href":"https:\/\/blog.legeropinion.com\/fr\/wp-json\/wp\/v2\/comments?post=7215"}],"version-history":[{"count":0,"href":"https:\/\/blog.legeropinion.com\/fr\/wp-json\/wp\/v2\/posts\/7215\/revisions"}],"wp:featuredmedia":[{"embeddable":true,"href":"https:\/\/blog.legeropinion.com\/fr\/wp-json\/wp\/v2\/media\/7216"}],"wp:attachment":[{"href":"https:\/\/blog.legeropinion.com\/fr\/wp-json\/wp\/v2\/media?parent=7215"}],"wp:term":[{"taxonomy":"category","embeddable":true,"href":"https:\/\/blog.legeropinion.com\/fr\/wp-json\/wp\/v2\/categories?post=7215"},{"taxonomy":"post_tag","embeddable":true,"href":"https:\/\/blog.legeropinion.com\/fr\/wp-json\/wp\/v2\/tags?post=7215"}],"curies":[{"name":"wp","href":"https:\/\/api.w.org\/{rel}","templated":true}]}}